{"id":83703,"date":"2019-06-25T09:11:01","date_gmt":"2019-06-25T12:11:01","guid":{"rendered":"http:\/\/www.locoxelrojo.com\/independiente\/?p=83703"},"modified":"2019-06-26T08:31:07","modified_gmt":"2019-06-26T11:31:07","slug":"van-por-javier-cantero","status":"publish","type":"post","link":"https:\/\/www.locoxelrojo.com\/independiente\/2019\/06\/25\/van-por-javier-cantero\/","title":{"rendered":"\u00bfVan por Javier Cantero?"},"content":{"rendered":"<p><strong>Pablo Moyano<\/strong> vicepresidente primero de Independiente, dio detalles sobre la postura que tomaron desde la dirigencia con algunos miembros de la comisi\u00f3n directiva anterior y confes\u00f3 cu\u00e1l es su anhelo cuando deje el cargo.<\/p>\n<p><strong>\u201cYo fui el primero en pedir la expulsi\u00f3n de Ciancio y tambi\u00e9n soy el primero en pedir la de Cantero, es uno de los personajes m\u00e1s nefastos de la historia de Independiente. Y nosotros tenemos que pagar por \u00e9l\u201d<\/strong>, detall\u00f3 Moyano sobre <a href=\"https:\/\/www.locoxelrojo.com\/independiente\/2019\/06\/14\/claudio-ciancio-fue-expulsado-como-socio\/\">la expulsi\u00f3n de Ciancio como socio de Independiente<\/a>, la cual se dio en asamblea y fue la primera en la historia del club en tratarse de ese modo. \u00bfSer\u00e1 el pr\u00f3ximo?<\/p>\n<p>Luego, continuando la charla con Orgullo Rojo, asegur\u00f3 cuales son las prioridades: <strong>\u201cNosotros trabajamos para que Independiente sea el mejor club del mundo. Cometemos errores como todos, pero por inexperiencia o por intentar hacer, pero nunca por da\u00f1ar el nombre del club\u201d<\/strong>.<\/p>\n<p>En el final, el dirigente revel\u00f3 cu\u00e1l es su objetivo personal para el d\u00eda en el que deje la dirigencia del Rojo: <strong>\u201cYo el d\u00eda de ma\u00f1ana quiero poder ir a la cancha tranquilo y sin ning\u00fan problema, hay gente que hoy no puede cruzar el puente Pueyrred\u00f3n. Nos hicieron mucho da\u00f1o en todo sentido, ni hablar en lo deportivo\u201d<\/strong>.<\/p>\n","protected":false},"excerpt":{"rendered":"<p>Pablo Moyano vicepresidente primero de Independiente, dio detalles sobre la postura que tomaron desde la dirigencia con algunos miembros de la comisi\u00f3n directiva anterior y confes\u00f3 cu\u00e1l es su anhelo cuando deje el cargo. \u201cYo fui el primero en pedir la expulsi\u00f3n de Ciancio y tambi\u00e9n soy el primero en pedir la de Cantero, es [&hellip;]<\/p>\n","protected":false},"author":25,"featured_media":83704,"comment_status":"open","ping_status":"closed","sticky":false,"template":"","format":"standard","meta":{"_links_to":"","_links_to_target":""},"categories":[3280,3247],"tags":[1445,723,439],"_links":{"self":[{"href":"https:\/\/www.locoxelrojo.com\/independiente\/wp-json\/wp\/v2\/posts\/83703"}],"collection":[{"href":"https:\/\/www.locoxelrojo.com\/independiente\/wp-json\/wp\/v2\/posts"}],"about":[{"href":"https:\/\/www.locoxelrojo.com\/independiente\/wp-json\/wp\/v2\/types\/post"}],"author":[{"embeddable":true,"href":"https:\/\/www.locoxelrojo.com\/independiente\/wp-json\/wp\/v2\/users\/25"}],"replies":[{"embeddable":true,"href":"https:\/\/www.locoxelrojo.com\/independiente\/wp-json\/wp\/v2\/comments?post=83703"}],"version-history":[{"count":0,"href":"https:\/\/www.locoxelrojo.com\/independiente\/wp-json\/wp\/v2\/posts\/83703\/revisions"}],"wp:featuredmedia":[{"embeddable":true,"href":"https:\/\/www.locoxelrojo.com\/independiente\/wp-json\/wp\/v2\/media\/83704"}],"wp:attachment":[{"href":"https:\/\/www.locoxelrojo.com\/independiente\/wp-json\/wp\/v2\/media?parent=83703"}],"wp:term":[{"taxonomy":"category","embeddable":true,"href":"https:\/\/www.locoxelrojo.com\/independiente\/wp-json\/wp\/v2\/categories?post=83703"},{"taxonomy":"post_tag","embeddable":true,"href":"https:\/\/www.locoxelrojo.com\/independiente\/wp-json\/wp\/v2\/tags?post=83703"}],"curies":[{"name":"wp","href":"https:\/\/api.w.org\/{rel}","templated":true}]}}