{"id":83713,"date":"2019-06-25T09:14:17","date_gmt":"2019-06-25T12:14:17","guid":{"rendered":"http:\/\/www.locoxelrojo.com\/independiente\/?p=83713"},"modified":"2019-06-26T17:35:27","modified_gmt":"2019-06-26T20:35:27","slug":"gracian-y-un-emotivo-recuerdo-de-la-copa-sudamericana-2010","status":"publish","type":"post","link":"https:\/\/www.locoxelrojo.com\/independiente\/2019\/06\/25\/gracian-y-un-emotivo-recuerdo-de-la-copa-sudamericana-2010\/","title":{"rendered":"Graci\u00e1n y un emotivo recuerdo de la Copa Sudamericana 2010"},"content":{"rendered":"<p><strong>Leandro Graci\u00e1n<\/strong> record\u00f3 su paso por Independiente y la obtenci\u00f3n de la Copa Sudamericana 2010. <strong>\u201cPas\u00e9 miedo, patear el penal en la final de la Copa Sudamericana fue el momento de m\u00e1s adrenalina que sent\u00ed jugando al f\u00fatbol\u201d<\/strong>, cont\u00f3.<\/p>\n<p><strong>\u201cEn una final te come el contexto, por lo que puede pasar si lo err\u00e1s pero tambi\u00e9n por la posibilidad de entrar en la historia\u201d<\/strong>, explic\u00f3 el Tano en <em>Enganche Radio<\/em>, y agreg\u00f3: <strong>\u201cCuando termin\u00f3 el partido ya sab\u00eda que iba a patear. Fui caminando al \u00e1rea con un nudo en la panza\u201d<\/strong>. Afortunadamente para el Rojo, Graci\u00e1n ejecut\u00f3 de muy buena manera y contribuy\u00f3 para que Independiente ganara su primera Copa Sudamericana.<\/p>\n<p>Por otro lado, el futbolista retirado en 2017 cont\u00f3 su pr\u00f3ximo proyecto junto a otro ex Rojo: <strong>\u201cWalter Erviti me llam\u00f3 para ser parte de su cuerpo t\u00e9cnico y no lo dud\u00e9. Formamos una amistad tras jugar juntos en Monterrey y en Boca y armamos un lindo grupo de trabajo\u201d<\/strong>. El exvolante, de paso por el Rey de Copas entre 2010 y 2011, termin\u00f3 el curso de entrenador en su \u00faltima etapa como futbolista profesional en San Mart\u00edn de Tucum\u00e1n.<\/p>\n<p><strong>\u201cTenemos todo preparado para cuando nos llame un club\u201d<\/strong>, cont\u00f3 entusiasmado respecto de la posibilidad de trabajar en su nuevo proyecto. Para cerrar, dej\u00f3 en claro que su formaci\u00f3n sigue en proceso: <strong>\u201cVamos (con Erviti) a ver partidos, hicimos un curso de videoan\u00e1lisis, tenemos muchas expectativas\u201d<\/strong>.<\/p>\n","protected":false},"excerpt":{"rendered":"<p>Leandro Graci\u00e1n record\u00f3 su paso por Independiente y la obtenci\u00f3n de la Copa Sudamericana 2010. \u201cPas\u00e9 miedo, patear el penal en la final de la Copa Sudamericana fue el momento de m\u00e1s adrenalina que sent\u00ed jugando al f\u00fatbol\u201d, cont\u00f3. \u201cEn una final te come el contexto, por lo que puede pasar si lo err\u00e1s pero [&hellip;]<\/p>\n","protected":false},"author":101016,"featured_media":83714,"comment_status":"open","ping_status":"closed","sticky":false,"template":"","format":"standard","meta":{"_links_to":"","_links_to_target":""},"categories":[3280,3247],"tags":[347,38,2041],"_links":{"self":[{"href":"https:\/\/www.locoxelrojo.com\/independiente\/wp-json\/wp\/v2\/posts\/83713"}],"collection":[{"href":"https:\/\/www.locoxelrojo.com\/independiente\/wp-json\/wp\/v2\/posts"}],"about":[{"href":"https:\/\/www.locoxelrojo.com\/independiente\/wp-json\/wp\/v2\/types\/post"}],"author":[{"embeddable":true,"href":"https:\/\/www.locoxelrojo.com\/independiente\/wp-json\/wp\/v2\/users\/101016"}],"replies":[{"embeddable":true,"href":"https:\/\/www.locoxelrojo.com\/independiente\/wp-json\/wp\/v2\/comments?post=83713"}],"version-history":[{"count":0,"href":"https:\/\/www.locoxelrojo.com\/independiente\/wp-json\/wp\/v2\/posts\/83713\/revisions"}],"wp:featuredmedia":[{"embeddable":true,"href":"https:\/\/www.locoxelrojo.com\/independiente\/wp-json\/wp\/v2\/media\/83714"}],"wp:attachment":[{"href":"https:\/\/www.locoxelrojo.com\/independiente\/wp-json\/wp\/v2\/media?parent=83713"}],"wp:term":[{"taxonomy":"category","embeddable":true,"href":"https:\/\/www.locoxelrojo.com\/independiente\/wp-json\/wp\/v2\/categories?post=83713"},{"taxonomy":"post_tag","embeddable":true,"href":"https:\/\/www.locoxelrojo.com\/independiente\/wp-json\/wp\/v2\/tags?post=83713"}],"curies":[{"name":"wp","href":"https:\/\/api.w.org\/{rel}","templated":true}]}}