{"id":83776,"date":"2019-06-28T22:12:22","date_gmt":"2019-06-29T01:12:22","guid":{"rendered":"http:\/\/www.locoxelrojo.com\/independiente\/?p=83776"},"modified":"2019-06-30T11:09:09","modified_gmt":"2019-06-30T14:09:09","slug":"chile-paso-a-semis-sin-hernandez","status":"publish","type":"post","link":"https:\/\/www.locoxelrojo.com\/independiente\/2019\/06\/28\/chile-paso-a-semis-sin-hernandez\/","title":{"rendered":"Chile pas\u00f3 a semis sin Hern\u00e1ndez"},"content":{"rendered":"<p><strong>La Selecci\u00f3n de Chile avanz\u00f3 en las semifinales de la Copa Am\u00e9rica 2019. Empat\u00f3 0-0 con Colombia y gan\u00f3 5-4 por penales en el Arena Corinthians. Pablo Hern\u00e1ndez no ingres\u00f3.<\/strong><\/p>\n<p>La Roja se meti\u00f3 entre los cuatro mejores del certamen con una cuota de sufrimiento. Con dos goles anulados a Alexis S\u00e1nchez y Arturo Vidal a instancias del VAR, los 90 minutos terminaron en empate sin goles y <strong>todo se defini\u00f3 desde los doce pasos, donde Chile tuvo efectividad perfecta<\/strong>. William Tesillo err\u00f3 para Colombia y Alexis sentenci\u00f3 el pase a semis.<\/p>\n<p><iframe loading=\"lazy\" src=\"https:\/\/www.youtube.com\/embed\/UgL398F2th4\" width=\"560\" height=\"315\" frameborder=\"0\" allowfullscreen=\"allowfullscreen\"><\/iframe><\/p>\n<p>Por primera vez en lo que va de la Copa Am\u00e9rica, <strong>el Tucu no tuvo participaci\u00f3n<\/strong> en el partido. Pese a que ven\u00eda de <a href=\"https:\/\/www.locoxelrojo.com\/independiente\/2019\/06\/24\/chile-perdio-con-el-tucu-pero-clasifico\/\">jugar los 90&#8242; ante Uruguay<\/a>, esta noche <strong>vio todo el encuentro desde el banco<\/strong> de suplentes.<\/p>\n<p><strong>El pr\u00f3ximo mi\u00e9rcoles a las 21:30, Chile jugar\u00e1 las semifinales<\/strong> contra el ganador del partido entre Uruguay y Per\u00fa. El volante de Independiente esperar\u00e1 su chance. \u00bfVolver\u00e1 a cruzarse con Mart\u00edn Campa\u00f1a como en fase de grupos?<\/p>\n","protected":false},"excerpt":{"rendered":"<p>La Selecci\u00f3n de Chile avanz\u00f3 en las semifinales de la Copa Am\u00e9rica 2019. Empat\u00f3 0-0 con Colombia y gan\u00f3 5-4 por penales en el Arena Corinthians. Pablo Hern\u00e1ndez no ingres\u00f3. La Roja se meti\u00f3 entre los cuatro mejores del certamen con una cuota de sufrimiento. Con dos goles anulados a Alexis S\u00e1nchez y Arturo Vidal [&hellip;]<\/p>\n","protected":false},"author":8,"featured_media":83777,"comment_status":"open","ping_status":"closed","sticky":false,"template":"","format":"standard","meta":{"_links_to":"","_links_to_target":""},"categories":[3280,3247],"tags":[4260,2106,4026,4046],"_links":{"self":[{"href":"https:\/\/www.locoxelrojo.com\/independiente\/wp-json\/wp\/v2\/posts\/83776"}],"collection":[{"href":"https:\/\/www.locoxelrojo.com\/independiente\/wp-json\/wp\/v2\/posts"}],"about":[{"href":"https:\/\/www.locoxelrojo.com\/independiente\/wp-json\/wp\/v2\/types\/post"}],"author":[{"embeddable":true,"href":"https:\/\/www.locoxelrojo.com\/independiente\/wp-json\/wp\/v2\/users\/8"}],"replies":[{"embeddable":true,"href":"https:\/\/www.locoxelrojo.com\/independiente\/wp-json\/wp\/v2\/comments?post=83776"}],"version-history":[{"count":0,"href":"https:\/\/www.locoxelrojo.com\/independiente\/wp-json\/wp\/v2\/posts\/83776\/revisions"}],"wp:featuredmedia":[{"embeddable":true,"href":"https:\/\/www.locoxelrojo.com\/independiente\/wp-json\/wp\/v2\/media\/83777"}],"wp:attachment":[{"href":"https:\/\/www.locoxelrojo.com\/independiente\/wp-json\/wp\/v2\/media?parent=83776"}],"wp:term":[{"taxonomy":"category","embeddable":true,"href":"https:\/\/www.locoxelrojo.com\/independiente\/wp-json\/wp\/v2\/categories?post=83776"},{"taxonomy":"post_tag","embeddable":true,"href":"https:\/\/www.locoxelrojo.com\/independiente\/wp-json\/wp\/v2\/tags?post=83776"}],"curies":[{"name":"wp","href":"https:\/\/api.w.org\/{rel}","templated":true}]}}