{"id":83811,"date":"2019-07-01T22:40:20","date_gmt":"2019-07-02T01:40:20","guid":{"rendered":"http:\/\/www.locoxelrojo.com\/independiente\/?p=83811"},"modified":"2019-07-02T14:19:25","modified_gmt":"2019-07-02T17:19:25","slug":"se-va-gaibor","status":"publish","type":"post","link":"https:\/\/www.locoxelrojo.com\/independiente\/2019\/07\/01\/se-va-gaibor\/","title":{"rendered":"Se va Gaibor"},"content":{"rendered":"<p>Pese a que Sebasti\u00e1n Beccacece le comunic\u00f3 al jugador que iba a ser tenido en cuenta para la temporada que se aproxima, <strong>Fernando Gaibor acept\u00f3 la oferta de Al Wasl y jugar\u00e1 en los Emiratos \u00c1rabes Unidos durante un a\u00f1o<\/strong>.<\/p>\n<p><a href=\"https:\/\/www.locoxelrojo.com\/independiente\/2019\/06\/27\/el-representante-de-gaibor-hablo-sobre-la-oferta-del-al-wasl\/\">&#8220;Sabemos del inter\u00e9s de un pr\u00e9stamo, \u00e9l lleg\u00f3 a Independiente con muchas expectativas, pero los \u00faltimos seis meses no tuvo mucha continuidad\u201d<\/a>, hab\u00eda declarado la semana pasada Jorge Chamorro, su representante, en di\u00e1logo con Rojos de Pasi\u00f3n.<\/p>\n<p>Lo cierto es que en las \u00faltimas horas se aceler\u00f3 la negociaci\u00f3n y las partes se pusieron de acuerdo. <strong>El ecuatoriano pasar\u00e1 a Al Wasl hasta junio de 2020 a cambio de 500.000 d\u00f3lares para el Rey de Copas que tiene el 70% del pase y bajo una condici\u00f3n de compra por la totalidad de la ficha que posee Independiente<\/strong>.<\/p>\n<p>El mediocampista ofensivo de 27 a\u00f1os deja al Rojo con <strong>49 partidos jugados -26 desde el arranque- y 5 goles -3 fueron de penal-<\/strong>.<\/p>\n<p><iframe loading=\"lazy\" src=\"https:\/\/www.youtube.com\/embed\/E0Akgz5NZU8\" width=\"560\" height=\"315\" frameborder=\"0\" allowfullscreen=\"allowfullscreen\"><\/iframe><\/p>\n<p><strong>Con la partida de Gaibor se libera un cupo de extranjeros y el club queda con seis, que es el m\u00e1ximo permitido por AFA<\/strong>, aunque solo cinco de ellos pueden firmar planilla en un partido. Por lo que si llega a venir un futbolista no argentino, Independiente estar\u00e1 obligado a desprenderse de Mart\u00edn Campa\u00f1a, Renzo Bacchia, Gast\u00f3n Silva, Francisco Silva, Carlos Benav\u00eddez o Cecilio Dom\u00ednguez.<\/p>\n","protected":false},"excerpt":{"rendered":"<p>Pese a que Sebasti\u00e1n Beccacece le comunic\u00f3 al jugador que iba a ser tenido en cuenta para la temporada que se aproxima, Fernando Gaibor acept\u00f3 la oferta de Al Wasl y jugar\u00e1 en los Emiratos \u00c1rabes Unidos durante un a\u00f1o. &#8220;Sabemos del inter\u00e9s de un pr\u00e9stamo, \u00e9l lleg\u00f3 a Independiente con muchas expectativas, pero los [&hellip;]<\/p>\n","protected":false},"author":19,"featured_media":80339,"comment_status":"open","ping_status":"closed","sticky":false,"template":"","format":"standard","meta":{"_links_to":"","_links_to_target":""},"categories":[3247,3],"tags":[4307,153,3747],"_links":{"self":[{"href":"https:\/\/www.locoxelrojo.com\/independiente\/wp-json\/wp\/v2\/posts\/83811"}],"collection":[{"href":"https:\/\/www.locoxelrojo.com\/independiente\/wp-json\/wp\/v2\/posts"}],"about":[{"href":"https:\/\/www.locoxelrojo.com\/independiente\/wp-json\/wp\/v2\/types\/post"}],"author":[{"embeddable":true,"href":"https:\/\/www.locoxelrojo.com\/independiente\/wp-json\/wp\/v2\/users\/19"}],"replies":[{"embeddable":true,"href":"https:\/\/www.locoxelrojo.com\/independiente\/wp-json\/wp\/v2\/comments?post=83811"}],"version-history":[{"count":0,"href":"https:\/\/www.locoxelrojo.com\/independiente\/wp-json\/wp\/v2\/posts\/83811\/revisions"}],"wp:featuredmedia":[{"embeddable":true,"href":"https:\/\/www.locoxelrojo.com\/independiente\/wp-json\/wp\/v2\/media\/80339"}],"wp:attachment":[{"href":"https:\/\/www.locoxelrojo.com\/independiente\/wp-json\/wp\/v2\/media?parent=83811"}],"wp:term":[{"taxonomy":"category","embeddable":true,"href":"https:\/\/www.locoxelrojo.com\/independiente\/wp-json\/wp\/v2\/categories?post=83811"},{"taxonomy":"post_tag","embeddable":true,"href":"https:\/\/www.locoxelrojo.com\/independiente\/wp-json\/wp\/v2\/tags?post=83811"}],"curies":[{"name":"wp","href":"https:\/\/api.w.org\/{rel}","templated":true}]}}