{"id":83896,"date":"2019-07-08T14:00:40","date_gmt":"2019-07-08T17:00:40","guid":{"rendered":"http:\/\/www.locoxelrojo.com\/independiente\/?p=83896"},"modified":"2019-07-08T20:54:54","modified_gmt":"2019-07-08T23:54:54","slug":"volvieron-a-dominico-con-una-cara-nueva","status":"publish","type":"post","link":"https:\/\/www.locoxelrojo.com\/independiente\/2019\/07\/08\/volvieron-a-dominico-con-una-cara-nueva\/","title":{"rendered":"Volvieron a Dom\u00ednico con una cara nueva"},"content":{"rendered":"<p>El plantel de Independiente se entren\u00f3 este lunes en Villa Dom\u00ednico y <strong>Sebasti\u00e1n Beccacece pudo contar con el segundo refuerzo de este mercado de pases: Cristian Ch\u00e1vez.\u00a0<\/strong><\/p>\n<p>Luego de trabajar durante varios d\u00edas en el predio de la AFA en Ezeiza, los futbolistas del Rojo volvieron al Centro de Alto Rendimiento de Villa Dom\u00ednico. <strong>La buena noticia para arrancar la semana fue que Cristian Ch\u00e1vez se entren\u00f3 por primera vez con sus nuevos compa\u00f1eros.<\/strong><\/p>\n<p>En la jornada de hoy, <strong>los jugadores realizaron tareas en el gimnasio, trabajos f\u00edsicos y ejercicios de precisi\u00f3n, definici\u00f3n, f\u00fatbol reducido y movimientos defensivos.\u00a0<\/strong><\/p>\n<p>Por su parte, <strong>Gast\u00f3n Togni y Gonzalo Ver\u00f3n<\/strong> trabajaron diferenciado recuper\u00e1ndose de sus lesiones. Adem\u00e1s,\u00a0<strong>Nicol\u00e1s Domingo<\/strong> realiz\u00f3 un trabajo diferenciado para regular cargas.<\/p>\n<p><strong>El plantel volver\u00e1 a los entrenamientos este martes por la ma\u00f1ana en Villa Dom\u00ednico a puertas cerradas.<\/strong><\/p>\n","protected":false},"excerpt":{"rendered":"<p>El plantel de Independiente se entren\u00f3 este lunes en Villa Dom\u00ednico y Sebasti\u00e1n Beccacece pudo contar con el segundo refuerzo de este mercado de pases: Cristian Ch\u00e1vez.\u00a0 Luego de trabajar durante varios d\u00edas en el predio de la AFA en Ezeiza, los futbolistas del Rojo volvieron al Centro de Alto Rendimiento de Villa Dom\u00ednico. La [&hellip;]<\/p>\n","protected":false},"author":14,"featured_media":83897,"comment_status":"open","ping_status":"closed","sticky":false,"template":"","format":"standard","meta":{"_links_to":"","_links_to_target":""},"categories":[3247,3],"tags":[153,4313,3532],"_links":{"self":[{"href":"https:\/\/www.locoxelrojo.com\/independiente\/wp-json\/wp\/v2\/posts\/83896"}],"collection":[{"href":"https:\/\/www.locoxelrojo.com\/independiente\/wp-json\/wp\/v2\/posts"}],"about":[{"href":"https:\/\/www.locoxelrojo.com\/independiente\/wp-json\/wp\/v2\/types\/post"}],"author":[{"embeddable":true,"href":"https:\/\/www.locoxelrojo.com\/independiente\/wp-json\/wp\/v2\/users\/14"}],"replies":[{"embeddable":true,"href":"https:\/\/www.locoxelrojo.com\/independiente\/wp-json\/wp\/v2\/comments?post=83896"}],"version-history":[{"count":1,"href":"https:\/\/www.locoxelrojo.com\/independiente\/wp-json\/wp\/v2\/posts\/83896\/revisions"}],"predecessor-version":[{"id":83898,"href":"https:\/\/www.locoxelrojo.com\/independiente\/wp-json\/wp\/v2\/posts\/83896\/revisions\/83898"}],"wp:featuredmedia":[{"embeddable":true,"href":"https:\/\/www.locoxelrojo.com\/independiente\/wp-json\/wp\/v2\/media\/83897"}],"wp:attachment":[{"href":"https:\/\/www.locoxelrojo.com\/independiente\/wp-json\/wp\/v2\/media?parent=83896"}],"wp:term":[{"taxonomy":"category","embeddable":true,"href":"https:\/\/www.locoxelrojo.com\/independiente\/wp-json\/wp\/v2\/categories?post=83896"},{"taxonomy":"post_tag","embeddable":true,"href":"https:\/\/www.locoxelrojo.com\/independiente\/wp-json\/wp\/v2\/tags?post=83896"}],"curies":[{"name":"wp","href":"https:\/\/api.w.org\/{rel}","templated":true}]}}