{"id":83904,"date":"2019-07-09T15:59:57","date_gmt":"2019-07-09T18:59:57","guid":{"rendered":"http:\/\/www.locoxelrojo.com\/independiente\/?p=83904"},"modified":"2019-07-09T16:03:06","modified_gmt":"2019-07-09T19:03:06","slug":"pese-al-feriado-no-descansan","status":"publish","type":"post","link":"https:\/\/www.locoxelrojo.com\/independiente\/2019\/07\/09\/pese-al-feriado-no-descansan\/","title":{"rendered":"Pese al feriado, no descansan"},"content":{"rendered":"<p><strong>El plantel de Independiente regres\u00f3 a los entrenamientos esta ma\u00f1ana en el predio de Villa Dom\u00ednico<\/strong>. Ya con los dos primeros refuerzos entre sus filas, Sebasti\u00e1n Beccacece aguarda por la llegada de m\u00e1s incorporaciones.<\/p>\n<p>Aunque sea una\u00a0jornada no laborable por el D\u00eda de la Independencia, el Rojo no se toma respiro y contin\u00faa afinando detalles para su regreso a la competici\u00f3n oficial. <strong>El mismo ser\u00e1 el jueves 25 de julio en Avellaneda ante Universidad Cat\u00f3lica de Ecuador<\/strong>.<\/p>\n<p>Durante el entrenamiento de hoy, los futbolistas comenzaron sus actividades en el <strong>gimnasio, luego hicieron ejercicios f\u00edsicos de reacci\u00f3n y velocidad y trabajos t\u00e1cticos en espacios reducidos<\/strong>. Posteriormente, en el turno vespertino hubo an\u00e1lisis de video y movimientos en el gimnasio nuevamente.<\/p>\n<p><strong>Gonzalo Ver\u00f3n<\/strong> -distensi\u00f3n grado 1 en el b\u00edceps femoral derecho- <strong>y Gast\u00f3n Togni<\/strong> -contin\u00faa con la rehabilitaci\u00f3n de su rodilla- <strong>se movieron de manera diferenciada<\/strong>.<\/p>\n<p><strong>La vuelta a los entrenamientos ser\u00e1 este mi\u00e9rcoles por la ma\u00f1ana en el Estadio Libertadores de Am\u00e9rica<\/strong>, donde el Rojo disputar\u00e1 un amistoso ante Arsenal de Sarand\u00ed a puertas cerradas.<\/p>\n","protected":false},"excerpt":{"rendered":"<p>El plantel de Independiente regres\u00f3 a los entrenamientos esta ma\u00f1ana en el predio de Villa Dom\u00ednico. Ya con los dos primeros refuerzos entre sus filas, Sebasti\u00e1n Beccacece aguarda por la llegada de m\u00e1s incorporaciones. Aunque sea una\u00a0jornada no laborable por el D\u00eda de la Independencia, el Rojo no se toma respiro y contin\u00faa afinando detalles [&hellip;]<\/p>\n","protected":false},"author":19,"featured_media":83632,"comment_status":"open","ping_status":"closed","sticky":false,"template":"","format":"standard","meta":{"_links_to":"","_links_to_target":""},"categories":[3247,3],"tags":[153,26,3166,3757,1683],"_links":{"self":[{"href":"https:\/\/www.locoxelrojo.com\/independiente\/wp-json\/wp\/v2\/posts\/83904"}],"collection":[{"href":"https:\/\/www.locoxelrojo.com\/independiente\/wp-json\/wp\/v2\/posts"}],"about":[{"href":"https:\/\/www.locoxelrojo.com\/independiente\/wp-json\/wp\/v2\/types\/post"}],"author":[{"embeddable":true,"href":"https:\/\/www.locoxelrojo.com\/independiente\/wp-json\/wp\/v2\/users\/19"}],"replies":[{"embeddable":true,"href":"https:\/\/www.locoxelrojo.com\/independiente\/wp-json\/wp\/v2\/comments?post=83904"}],"version-history":[{"count":1,"href":"https:\/\/www.locoxelrojo.com\/independiente\/wp-json\/wp\/v2\/posts\/83904\/revisions"}],"predecessor-version":[{"id":83905,"href":"https:\/\/www.locoxelrojo.com\/independiente\/wp-json\/wp\/v2\/posts\/83904\/revisions\/83905"}],"wp:featuredmedia":[{"embeddable":true,"href":"https:\/\/www.locoxelrojo.com\/independiente\/wp-json\/wp\/v2\/media\/83632"}],"wp:attachment":[{"href":"https:\/\/www.locoxelrojo.com\/independiente\/wp-json\/wp\/v2\/media?parent=83904"}],"wp:term":[{"taxonomy":"category","embeddable":true,"href":"https:\/\/www.locoxelrojo.com\/independiente\/wp-json\/wp\/v2\/categories?post=83904"},{"taxonomy":"post_tag","embeddable":true,"href":"https:\/\/www.locoxelrojo.com\/independiente\/wp-json\/wp\/v2\/tags?post=83904"}],"curies":[{"name":"wp","href":"https:\/\/api.w.org\/{rel}","templated":true}]}}