{"id":83912,"date":"2019-07-10T12:50:12","date_gmt":"2019-07-10T15:50:12","guid":{"rendered":"http:\/\/www.locoxelrojo.com\/independiente\/?p=83912"},"modified":"2019-07-10T14:36:30","modified_gmt":"2019-07-10T17:36:30","slug":"los-suplentes-ganaron-por-la-minima","status":"publish","type":"post","link":"https:\/\/www.locoxelrojo.com\/independiente\/2019\/07\/10\/los-suplentes-ganaron-por-la-minima\/","title":{"rendered":"Los suplentes ganaron por la m\u00ednima"},"content":{"rendered":"<p><a href=\"https:\/\/www.locoxelrojo.com\/independiente\/2019\/07\/10\/derrota-de-los-titulares-ante-arsenal\/\">Luego de la derrota de los titulares<\/a> fue el turno para <strong>el segundo equipo de Independiente, que venci\u00f3 1-0 a Arsenal con el gol de Alan So\u00f1ora<\/strong>.<\/p>\n<p>El combinado suplente cont\u00f3 con la presencia de <strong>la zaga defensiva conformada por Francisco Silva y Alexander Barboza<\/strong> y delante de ellos, <strong>Nicol\u00e1s Domingo como mediocampista central<\/strong>.<\/p>\n<p>El equipo que eligi\u00f3 Sebasti\u00e1n Beccacece form\u00f3 con <strong>Milton \u00c1lvarez; Fabricio Bustos, F. Silva, Barboza, Sergio Barreto; So\u00f1ora (luego Lucas Gonz\u00e1lez), Domingo, Carlos Benav\u00eddez; Brian Mart\u00ednez, Francisco Pizzini (Mauro Molina) y Alan Velasco<\/strong>.<\/p>\n<p>El segundo partido tambi\u00e9n dur\u00f3 60 minutos y <strong>fue victoria 1-0 para el Rey de Copas gracias al tanto del juvenil So\u00f1ora<\/strong>, que ven\u00eda siendo parte de la Reserva del Rojo.<\/p>\n<p><strong>Silvio Romero se entren\u00f3 diferenciado<\/strong> y no sum\u00f3 minutos de f\u00fatbol al igual que Gast\u00f3n Togni y Gonzalo Ver\u00f3n, quienes contin\u00faan recuper\u00e1ndose de sus respectivas lesiones.<\/p>\n","protected":false},"excerpt":{"rendered":"<p>Luego de la derrota de los titulares fue el turno para el segundo equipo de Independiente, que venci\u00f3 1-0 a Arsenal con el gol de Alan So\u00f1ora. El combinado suplente cont\u00f3 con la presencia de la zaga defensiva conformada por Francisco Silva y Alexander Barboza y delante de ellos, Nicol\u00e1s Domingo como mediocampista central. El [&hellip;]<\/p>\n","protected":false},"author":19,"featured_media":83913,"comment_status":"open","ping_status":"closed","sticky":false,"template":"","format":"standard","meta":{"_links_to":"","_links_to_target":""},"categories":[3247,3],"tags":[2245,1099,153,247],"_links":{"self":[{"href":"https:\/\/www.locoxelrojo.com\/independiente\/wp-json\/wp\/v2\/posts\/83912"}],"collection":[{"href":"https:\/\/www.locoxelrojo.com\/independiente\/wp-json\/wp\/v2\/posts"}],"about":[{"href":"https:\/\/www.locoxelrojo.com\/independiente\/wp-json\/wp\/v2\/types\/post"}],"author":[{"embeddable":true,"href":"https:\/\/www.locoxelrojo.com\/independiente\/wp-json\/wp\/v2\/users\/19"}],"replies":[{"embeddable":true,"href":"https:\/\/www.locoxelrojo.com\/independiente\/wp-json\/wp\/v2\/comments?post=83912"}],"version-history":[{"count":0,"href":"https:\/\/www.locoxelrojo.com\/independiente\/wp-json\/wp\/v2\/posts\/83912\/revisions"}],"wp:featuredmedia":[{"embeddable":true,"href":"https:\/\/www.locoxelrojo.com\/independiente\/wp-json\/wp\/v2\/media\/83913"}],"wp:attachment":[{"href":"https:\/\/www.locoxelrojo.com\/independiente\/wp-json\/wp\/v2\/media?parent=83912"}],"wp:term":[{"taxonomy":"category","embeddable":true,"href":"https:\/\/www.locoxelrojo.com\/independiente\/wp-json\/wp\/v2\/categories?post=83912"},{"taxonomy":"post_tag","embeddable":true,"href":"https:\/\/www.locoxelrojo.com\/independiente\/wp-json\/wp\/v2\/tags?post=83912"}],"curies":[{"name":"wp","href":"https:\/\/api.w.org\/{rel}","templated":true}]}}