{"id":83916,"date":"2019-07-10T11:42:28","date_gmt":"2019-07-10T14:42:28","guid":{"rendered":"http:\/\/www.locoxelrojo.com\/independiente\/?p=83916"},"modified":"2019-07-10T15:32:01","modified_gmt":"2019-07-10T18:32:01","slug":"montreal-quiere-a-piatti-hasta-2020","status":"publish","type":"post","link":"https:\/\/www.locoxelrojo.com\/independiente\/2019\/07\/10\/montreal-quiere-a-piatti-hasta-2020\/","title":{"rendered":"Montreal quiere a Piatti hasta 2020"},"content":{"rendered":"<p>El presidente del elenco canadiense que milita en la MLS, <strong>Kevin Gilmore<\/strong>, se refiri\u00f3 a la situaci\u00f3n de Ignacio Piatti y la intenci\u00f3n de Independiente de repatriar al mediocampista ofensivo de 34 a\u00f1os.<\/p>\n<p>A trav\u00e9s de su cuenta de Twitter, <strong>la m\u00e1xima autoridad del Montreal Impact se\u00f1al\u00f3 que la intenci\u00f3n del club es prolongar el v\u00ednculo del jugador<\/strong> con el club hasta diciembre de 2020.<\/p>\n<p><strong>&#8220;Sobre los rumores persistentes sobre Piatti y su partida a Argentina, quiero dejar claro que Nacho est\u00e1 bajo contrato con el Montreal Impact y se ejercer\u00e1 la opci\u00f3n para 2020. Desde mi llegada siempre he esperado que Nacho estuviera con nosotros hasta finales de 2020&#8221;<\/strong>, sentenci\u00f3 Gilmore.<\/p>\n<blockquote class=\"twitter-tweet\" data-lang=\"es\">\n<p dir=\"ltr\" lang=\"fr\">Suite aux rumeurs persistantes au sujet de Piatti et son d\u00e9part vers l\u2019Argentine, je tiens \u00e0 clarifier que Nacho est sous contrat avec l\u2019Impact et l&#8217;option pour 2020 sera exerc\u00e9e. Depuis mon arriv\u00e9e je me suis toujours attendu \u00e0 ce que Nacho soit avec nous jusqu\u2019\u00e0 la fin de 2020<\/p>\n<p>\u2014 Kevin Gilmore (@kgilmore88) <a href=\"https:\/\/twitter.com\/kgilmore88\/status\/1148973086651424768?ref_src=twsrc%5Etfw\">10 de julio de 2019<\/a><\/p><\/blockquote>\n<p><script async src=\"https:\/\/platform.twitter.com\/widgets.js\" charset=\"utf-8\"><\/script><\/p>\n<p>Justamente, en las \u00faltimas horas, <strong>Pablo Moyano<\/strong> hab\u00eda declarado que mantuvieron charlas con el futbolista y que \u00e9l le mostr\u00f3 su inter\u00e9s de volver al pa\u00eds. <a href=\"https:\/\/www.locoxelrojo.com\/independiente\/2019\/07\/09\/pablo-moyano-le-puso-plazo-a-la-negociacion-por-piatti\/\">El dirigente del Rojo le puso plazo a la negociaci\u00f3n hasta este viernes<\/a> y hoy el presidente del Montreal Impact se pronunci\u00f3 al respecto. <strong>\u00bfSe cae definitivamente el pase o el jugador har\u00e1 fuerza?<\/strong><\/p>\n","protected":false},"excerpt":{"rendered":"<p>El presidente del elenco canadiense que milita en la MLS, Kevin Gilmore, se refiri\u00f3 a la situaci\u00f3n de Ignacio Piatti y la intenci\u00f3n de Independiente de repatriar al mediocampista ofensivo de 34 a\u00f1os. A trav\u00e9s de su cuenta de Twitter, la m\u00e1xima autoridad del Montreal Impact se\u00f1al\u00f3 que la intenci\u00f3n del club es prolongar el [&hellip;]<\/p>\n","protected":false},"author":19,"featured_media":83917,"comment_status":"open","ping_status":"closed","sticky":false,"template":"","format":"standard","meta":{"_links_to":"","_links_to_target":""},"categories":[3247,3363],"tags":[153,56,4323,4306,3452,538],"_links":{"self":[{"href":"https:\/\/www.locoxelrojo.com\/independiente\/wp-json\/wp\/v2\/posts\/83916"}],"collection":[{"href":"https:\/\/www.locoxelrojo.com\/independiente\/wp-json\/wp\/v2\/posts"}],"about":[{"href":"https:\/\/www.locoxelrojo.com\/independiente\/wp-json\/wp\/v2\/types\/post"}],"author":[{"embeddable":true,"href":"https:\/\/www.locoxelrojo.com\/independiente\/wp-json\/wp\/v2\/users\/19"}],"replies":[{"embeddable":true,"href":"https:\/\/www.locoxelrojo.com\/independiente\/wp-json\/wp\/v2\/comments?post=83916"}],"version-history":[{"count":0,"href":"https:\/\/www.locoxelrojo.com\/independiente\/wp-json\/wp\/v2\/posts\/83916\/revisions"}],"wp:featuredmedia":[{"embeddable":true,"href":"https:\/\/www.locoxelrojo.com\/independiente\/wp-json\/wp\/v2\/media\/83917"}],"wp:attachment":[{"href":"https:\/\/www.locoxelrojo.com\/independiente\/wp-json\/wp\/v2\/media?parent=83916"}],"wp:term":[{"taxonomy":"category","embeddable":true,"href":"https:\/\/www.locoxelrojo.com\/independiente\/wp-json\/wp\/v2\/categories?post=83916"},{"taxonomy":"post_tag","embeddable":true,"href":"https:\/\/www.locoxelrojo.com\/independiente\/wp-json\/wp\/v2\/tags?post=83916"}],"curies":[{"name":"wp","href":"https:\/\/api.w.org\/{rel}","templated":true}]}}