{"id":83926,"date":"2019-07-13T20:02:45","date_gmt":"2019-07-13T23:02:45","guid":{"rendered":"http:\/\/www.locoxelrojo.com\/independiente\/?p=83926"},"modified":"2019-07-15T16:57:52","modified_gmt":"2019-07-15T19:57:52","slug":"albertengo-vuelve-a-salir-a-prestamo","status":"publish","type":"post","link":"https:\/\/www.locoxelrojo.com\/independiente\/2019\/07\/13\/albertengo-vuelve-a-salir-a-prestamo\/","title":{"rendered":"Albertengo vuelve a salir a pr\u00e9stamo"},"content":{"rendered":"<p><strong>Lucas Albertengo pas\u00f3 a pr\u00e9stamo a Newell&#8217;s. Es la tercera vez que Independiente lo cede a otro club.<\/strong><\/p>\n<p>Despu\u00e9s de jugar un a\u00f1o en Estudiantes, el delantero hab\u00eda vuelto al Rojo para <strong>ser evaluado por Sebasti\u00e1n Beccacece, quien finalmente le dijo que no iba a poder darle los minutos que quiz\u00e1s \u00e9l esperaba<\/strong>. Fue as\u00ed como el Flaco decidi\u00f3 buscar continuidad en otro lado, se despidi\u00f3 de sus compa\u00f1eros y en pocos d\u00edas consigui\u00f3 nuevo club.<\/p>\n<p>Este fin de semana, Albertengo arregl\u00f3 su llegada <strong>a pr\u00e9stamo por un a\u00f1o a la Lepra, con un cargo de 200.000 d\u00f3lares y con una opci\u00f3n de compra de 1.500.000 d\u00f3lares por el 50% de su pase<\/strong>. Independiente lo\u00a0cede por tercera vez en un a\u00f1o y medio, tras su breve paso por Monterrey y una temporada en el Pincha.<\/p>\n<blockquote class=\"twitter-tweet\" data-lang=\"en\">\n<p dir=\"ltr\" lang=\"es\">Lucas Albertengo llega para reforzar el ataque rojinegro &#x1f4aa;&#x1f3fc;<\/p>\n<p>El delantero se suma a la pretemporada y el lunes firmar\u00e1 su contrato &#x26bd;&#xfe0f;&#x1f58b;<\/p>\n<p>\u00a1Bienvenido a <a href=\"https:\/\/twitter.com\/hashtag\/Newells?src=hash&amp;ref_src=twsrc%5Etfw\">#Newells<\/a>! &#x1f534;&#x26ab;&#xfe0f; <a href=\"https:\/\/t.co\/VGED6yXdTb\">pic.twitter.com\/VGED6yXdTb<\/a><\/p>\n<p>\u2014 Newell&#8217;s Old Boys (@CANOBoficial) <a href=\"https:\/\/twitter.com\/CANOBoficial\/status\/1150154854880436224?ref_src=twsrc%5Etfw\">July 13, 2019<\/a><\/p><\/blockquote>\n<p><script async src=\"https:\/\/platform.twitter.com\/widgets.js\" charset=\"utf-8\"><\/script><\/p>\n<p><strong>Newell&#8217;s hizo oficial su incorporaci\u00f3n este s\u00e1bado<\/strong> y anticip\u00f3 que el lunes el delantero estampar\u00e1 la firma para hacer oficial el pr\u00e9stamo.<\/p>\n","protected":false},"excerpt":{"rendered":"<p>Lucas Albertengo pas\u00f3 a pr\u00e9stamo a Newell&#8217;s. Es la tercera vez que Independiente lo cede a otro club. Despu\u00e9s de jugar un a\u00f1o en Estudiantes, el delantero hab\u00eda vuelto al Rojo para ser evaluado por Sebasti\u00e1n Beccacece, quien finalmente le dijo que no iba a poder darle los minutos que quiz\u00e1s \u00e9l esperaba. Fue as\u00ed [&hellip;]<\/p>\n","protected":false},"author":8,"featured_media":77936,"comment_status":"open","ping_status":"closed","sticky":false,"template":"","format":"standard","meta":{"_links_to":"","_links_to_target":""},"categories":[3297,3247],"tags":[2839,183],"_links":{"self":[{"href":"https:\/\/www.locoxelrojo.com\/independiente\/wp-json\/wp\/v2\/posts\/83926"}],"collection":[{"href":"https:\/\/www.locoxelrojo.com\/independiente\/wp-json\/wp\/v2\/posts"}],"about":[{"href":"https:\/\/www.locoxelrojo.com\/independiente\/wp-json\/wp\/v2\/types\/post"}],"author":[{"embeddable":true,"href":"https:\/\/www.locoxelrojo.com\/independiente\/wp-json\/wp\/v2\/users\/8"}],"replies":[{"embeddable":true,"href":"https:\/\/www.locoxelrojo.com\/independiente\/wp-json\/wp\/v2\/comments?post=83926"}],"version-history":[{"count":0,"href":"https:\/\/www.locoxelrojo.com\/independiente\/wp-json\/wp\/v2\/posts\/83926\/revisions"}],"wp:featuredmedia":[{"embeddable":true,"href":"https:\/\/www.locoxelrojo.com\/independiente\/wp-json\/wp\/v2\/media\/77936"}],"wp:attachment":[{"href":"https:\/\/www.locoxelrojo.com\/independiente\/wp-json\/wp\/v2\/media?parent=83926"}],"wp:term":[{"taxonomy":"category","embeddable":true,"href":"https:\/\/www.locoxelrojo.com\/independiente\/wp-json\/wp\/v2\/categories?post=83926"},{"taxonomy":"post_tag","embeddable":true,"href":"https:\/\/www.locoxelrojo.com\/independiente\/wp-json\/wp\/v2\/tags?post=83926"}],"curies":[{"name":"wp","href":"https:\/\/api.w.org\/{rel}","templated":true}]}}