{"id":83937,"date":"2019-07-11T12:30:16","date_gmt":"2019-07-11T15:30:16","guid":{"rendered":"http:\/\/www.locoxelrojo.com\/independiente\/?p=83937"},"modified":"2019-07-12T02:04:17","modified_gmt":"2019-07-12T05:04:17","slug":"volvio-el-tucu","status":"publish","type":"post","link":"https:\/\/www.locoxelrojo.com\/independiente\/2019\/07\/11\/volvio-el-tucu\/","title":{"rendered":"Volvi\u00f3 el Tucu"},"content":{"rendered":"<p>El plantel de Independiente entren\u00f3 este jueves en Villa Dom\u00ednico y <strong>Pablo Hern\u00e1ndez se reintegr\u00f3 a sus compa\u00f1eros luego de participar de la Copa Am\u00e9rica con la Selecci\u00f3n de Chile.<\/strong><\/p>\n<p>Luego de los amistosos ante Arsenal en el Libertadores de Am\u00e9rica, los futbolistas del Rojo volvieron a entrenarse en Villa Dom\u00ednico. <strong>Esta ma\u00f1ana, realizaron trabajos con pelota, ejercicios de velocidad, control del bal\u00f3n y movimientos t\u00e1cticos.<\/strong><\/p>\n<p>La buena noticia de la ma\u00f1ana fue que <strong>Cristian Ch\u00e1vez y Silvio Romero entrenaron a la par del grupo<\/strong>. Por su parte, <strong>Gonzalo Ver\u00f3n y Gast\u00f3n Togni contin\u00faan con trabajos diferenciados.<\/strong><\/p>\n<p>&nbsp;<\/p>\n","protected":false},"excerpt":{"rendered":"<p>El plantel de Independiente entren\u00f3 este jueves en Villa Dom\u00ednico y Pablo Hern\u00e1ndez se reintegr\u00f3 a sus compa\u00f1eros luego de participar de la Copa Am\u00e9rica con la Selecci\u00f3n de Chile. Luego de los amistosos ante Arsenal en el Libertadores de Am\u00e9rica, los futbolistas del Rojo volvieron a entrenarse en Villa Dom\u00ednico. Esta ma\u00f1ana, realizaron trabajos [&hellip;]<\/p>\n","protected":false},"author":14,"featured_media":83939,"comment_status":"open","ping_status":"closed","sticky":false,"template":"","format":"standard","meta":{"_links_to":"","_links_to_target":""},"categories":[3247,3],"tags":[153,26,2106,172],"_links":{"self":[{"href":"https:\/\/www.locoxelrojo.com\/independiente\/wp-json\/wp\/v2\/posts\/83937"}],"collection":[{"href":"https:\/\/www.locoxelrojo.com\/independiente\/wp-json\/wp\/v2\/posts"}],"about":[{"href":"https:\/\/www.locoxelrojo.com\/independiente\/wp-json\/wp\/v2\/types\/post"}],"author":[{"embeddable":true,"href":"https:\/\/www.locoxelrojo.com\/independiente\/wp-json\/wp\/v2\/users\/14"}],"replies":[{"embeddable":true,"href":"https:\/\/www.locoxelrojo.com\/independiente\/wp-json\/wp\/v2\/comments?post=83937"}],"version-history":[{"count":0,"href":"https:\/\/www.locoxelrojo.com\/independiente\/wp-json\/wp\/v2\/posts\/83937\/revisions"}],"wp:featuredmedia":[{"embeddable":true,"href":"https:\/\/www.locoxelrojo.com\/independiente\/wp-json\/wp\/v2\/media\/83939"}],"wp:attachment":[{"href":"https:\/\/www.locoxelrojo.com\/independiente\/wp-json\/wp\/v2\/media?parent=83937"}],"wp:term":[{"taxonomy":"category","embeddable":true,"href":"https:\/\/www.locoxelrojo.com\/independiente\/wp-json\/wp\/v2\/categories?post=83937"},{"taxonomy":"post_tag","embeddable":true,"href":"https:\/\/www.locoxelrojo.com\/independiente\/wp-json\/wp\/v2\/tags?post=83937"}],"curies":[{"name":"wp","href":"https:\/\/api.w.org\/{rel}","templated":true}]}}