{"id":83983,"date":"2019-07-13T09:15:42","date_gmt":"2019-07-13T12:15:42","guid":{"rendered":"http:\/\/www.locoxelrojo.com\/independiente\/?p=83983"},"modified":"2019-07-13T15:54:00","modified_gmt":"2019-07-13T18:54:00","slug":"la-sexta-tampoco-pudo-contra-lanus","status":"publish","type":"post","link":"https:\/\/www.locoxelrojo.com\/independiente\/2019\/07\/13\/la-sexta-tampoco-pudo-contra-lanus\/","title":{"rendered":"La Sexta tampoco pudo contra Lan\u00fas"},"content":{"rendered":"<p>Luego de la paridad frente a Rosario Central en el debut, <strong>la Sexta de Independiente disput\u00f3 la segunda jornada torneo y cay\u00f3 por la m\u00ednima diferencia ante Lan\u00fas<\/strong>.<\/p>\n<blockquote class=\"twitter-tweet\" data-lang=\"es\">\n<p dir=\"ltr\" lang=\"es\">[<a href=\"https:\/\/twitter.com\/hashtag\/Sexta?src=hash&amp;ref_src=twsrc%5Etfw\">#Sexta<\/a>] &#x26bd;&#xfe0f; Los 11 de <a href=\"https:\/\/twitter.com\/hashtag\/Independiente?src=hash&amp;ref_src=twsrc%5Etfw\">#Independiente<\/a> para enfrentar a <a href=\"https:\/\/twitter.com\/hashtag\/Lan%C3%BAs?src=hash&amp;ref_src=twsrc%5Etfw\">#Lan\u00fas<\/a>.<a href=\"https:\/\/twitter.com\/hashtag\/VamosLosPibes?src=hash&amp;ref_src=twsrc%5Etfw\">#VamosLosPibes<\/a> <a href=\"https:\/\/t.co\/JlEA01YuAd\">pic.twitter.com\/JlEA01YuAd<\/a><\/p>\n<p>\u2014 Independiente (LXR) (@locoxelrojoweb) <a href=\"https:\/\/twitter.com\/locoxelrojoweb\/status\/1150080813142368257?ref_src=twsrc%5Etfw\">13 de julio de 2019<\/a><\/p><\/blockquote>\n<p><script async src=\"https:\/\/platform.twitter.com\/widgets.js\" charset=\"utf-8\"><\/script><\/p>\n<p>En los primeros minutos de comenzado el encuentro, Lan\u00fas fue el claro dominador del juego, mientras que Independiente intent\u00f3 doblegarlo pero todos sus movimientos eran forzados y no pudo contrarrestarlo.<\/p>\n<p>Pese a los intentos por tener el dominio del juego, al Rojo le cost\u00f3 y, <strong>all\u00e1 por los 24 minutos de la primera mitad, el Granate dio el golpe abriendo el tanteador<\/strong>.<\/p>\n<p>En el inicio de la etapa final, Independiente se plant\u00f3 en el campo de juego con otra actitud, no dejando salir a su contrincante jugando desde abajo, presion\u00e1ndolo bien arriba, pero cuando los del Sur recuperaban la pelota, quedaba mal parado en el fondo.<\/p>\n<p>Con este resultado y antes del receso invernal, <strong>los chicos de la Sexta del Rojo acumulan una sola unidad en las primeras dos jornadas<\/strong>.<\/p>\n","protected":false},"excerpt":{"rendered":"<p>Luego de la paridad frente a Rosario Central en el debut, la Sexta de Independiente disput\u00f3 la segunda jornada torneo y cay\u00f3 por la m\u00ednima diferencia ante Lan\u00fas. [#Sexta] &#x26bd;&#xfe0f; Los 11 de #Independiente para enfrentar a #Lan\u00fas.#VamosLosPibes pic.twitter.com\/JlEA01YuAd \u2014 Independiente (LXR) (@locoxelrojoweb) 13 de julio de 2019 En los primeros minutos de comenzado el [&hellip;]<\/p>\n","protected":false},"author":101019,"featured_media":83984,"comment_status":"open","ping_status":"closed","sticky":false,"template":"","format":"standard","meta":{"_links_to":"","_links_to_target":""},"categories":[3247,5],"tags":[3265,3631,4304,2954],"_links":{"self":[{"href":"https:\/\/www.locoxelrojo.com\/independiente\/wp-json\/wp\/v2\/posts\/83983"}],"collection":[{"href":"https:\/\/www.locoxelrojo.com\/independiente\/wp-json\/wp\/v2\/posts"}],"about":[{"href":"https:\/\/www.locoxelrojo.com\/independiente\/wp-json\/wp\/v2\/types\/post"}],"author":[{"embeddable":true,"href":"https:\/\/www.locoxelrojo.com\/independiente\/wp-json\/wp\/v2\/users\/101019"}],"replies":[{"embeddable":true,"href":"https:\/\/www.locoxelrojo.com\/independiente\/wp-json\/wp\/v2\/comments?post=83983"}],"version-history":[{"count":0,"href":"https:\/\/www.locoxelrojo.com\/independiente\/wp-json\/wp\/v2\/posts\/83983\/revisions"}],"wp:featuredmedia":[{"embeddable":true,"href":"https:\/\/www.locoxelrojo.com\/independiente\/wp-json\/wp\/v2\/media\/83984"}],"wp:attachment":[{"href":"https:\/\/www.locoxelrojo.com\/independiente\/wp-json\/wp\/v2\/media?parent=83983"}],"wp:term":[{"taxonomy":"category","embeddable":true,"href":"https:\/\/www.locoxelrojo.com\/independiente\/wp-json\/wp\/v2\/categories?post=83983"},{"taxonomy":"post_tag","embeddable":true,"href":"https:\/\/www.locoxelrojo.com\/independiente\/wp-json\/wp\/v2\/tags?post=83983"}],"curies":[{"name":"wp","href":"https:\/\/api.w.org\/{rel}","templated":true}]}}