{"id":83985,"date":"2019-07-14T21:21:33","date_gmt":"2019-07-15T00:21:33","guid":{"rendered":"http:\/\/www.locoxelrojo.com\/independiente\/?p=83985"},"modified":"2019-07-15T16:53:08","modified_gmt":"2019-07-15T19:53:08","slug":"roa-el-colombiano-numero-19-en-el-rojo","status":"publish","type":"post","link":"https:\/\/www.locoxelrojo.com\/independiente\/2019\/07\/14\/roa-el-colombiano-numero-19-en-el-rojo\/","title":{"rendered":"Roa, el colombiano n\u00famero 19 en el Rojo"},"content":{"rendered":"<p><strong>El mediocampista que lleg\u00f3 de Deportivo Cali se sum\u00f3 a la lista de los Cafeteros que vistieron la casaca de Independiente<\/strong>. Desde la llegada de Alveiro Usuriaga hasta la de Andr\u00e9s Roa, repasamos los 19 futbolistas colombianos en el Rey de Copas.<\/p>\n<p>En la temporada pasada, <strong>Roa estuvo cedido en Hurac\u00e1n, donde convirti\u00f3 4 goles en 23 partidos disputados<\/strong>. Su buen rendimiento despert\u00f3 el inter\u00e9s de la dirigencia y el cuerpo t\u00e9cnico para sumarlo al plantel.<\/p>\n<p><strong>Su llegada fue la n\u00famero 19 de jugadores de ese pa\u00eds<\/strong>. <strong>El \u00faltimo colombiano en vestir la camiseta del Rojo fue Jos\u00e9 Valencia<\/strong>, quien lleg\u00f3 a Avellaneda en 2015 tras sus pasos en el pa\u00eds por Rosario Central y Olimpo de Bah\u00eda Blanca.<\/p>\n<p>Por otro lado, los primeros colombianos en vestirse de Diablos sean, quiz\u00e1s, los m\u00e1s recordados por el hincha. <strong>Alveiro Usuriaga lleg\u00f3 a Independiente en 1994<\/strong> y cosech\u00f3 tres t\u00edtulos: Clausura y Supercopa en el a\u00f1o de su arribo y la Recopa 1995. A su vez, <strong>Faryd Mondrag\u00f3n arrib\u00f3 en 1995<\/strong> y alz\u00f3 ese mismo a\u00f1o la recordada Supercopa en el Maracan\u00e1 ante Flamengo. Luego regres\u00f3 para jugar el Clausura 2000.<\/p>\n<figure id=\"attachment_83986\" aria-describedby=\"caption-attachment-83986\" style=\"width: 940px\" class=\"wp-caption aligncenter\"><a href=\"https:\/\/www.locoxelrojo.com\/independiente\/wp-content\/uploads\/2019\/07\/WhatsApp-Image-2019-07-14-at-18.46.34.jpeg\"><img loading=\"lazy\" class=\"size-full wp-image-83986\" src=\"https:\/\/www.locoxelrojo.com\/independiente\/wp-content\/uploads\/2019\/07\/WhatsApp-Image-2019-07-14-at-18.46.34.jpeg\" alt=\"\" width=\"940\" height=\"512\" srcset=\"https:\/\/locoxelrojo.com\/independiente\/wp-content\/uploads\/2019\/07\/WhatsApp-Image-2019-07-14-at-18.46.34.jpeg 940w, https:\/\/locoxelrojo.com\/independiente\/wp-content\/uploads\/2019\/07\/WhatsApp-Image-2019-07-14-at-18.46.34-300x163.jpeg 300w, https:\/\/locoxelrojo.com\/independiente\/wp-content\/uploads\/2019\/07\/WhatsApp-Image-2019-07-14-at-18.46.34-768x418.jpeg 768w, https:\/\/locoxelrojo.com\/independiente\/wp-content\/uploads\/2019\/07\/WhatsApp-Image-2019-07-14-at-18.46.34-696x379.jpeg 696w, https:\/\/locoxelrojo.com\/independiente\/wp-content\/uploads\/2019\/07\/WhatsApp-Image-2019-07-14-at-18.46.34-771x420.jpeg 771w, https:\/\/locoxelrojo.com\/independiente\/wp-content\/uploads\/2019\/07\/WhatsApp-Image-2019-07-14-at-18.46.34-128x70.jpeg 128w, https:\/\/locoxelrojo.com\/independiente\/wp-content\/uploads\/2019\/07\/WhatsApp-Image-2019-07-14-at-18.46.34-32x17.jpeg 32w\" sizes=\"(max-width: 940px) 100vw, 940px\" \/><\/a><figcaption id=\"caption-attachment-83986\" class=\"wp-caption-text\">Fuente: Goleamos.com<\/figcaption><\/figure>\n","protected":false},"excerpt":{"rendered":"<p>El mediocampista que lleg\u00f3 de Deportivo Cali se sum\u00f3 a la lista de los Cafeteros que vistieron la casaca de Independiente. Desde la llegada de Alveiro Usuriaga hasta la de Andr\u00e9s Roa, repasamos los 19 futbolistas colombianos en el Rey de Copas. En la temporada pasada, Roa estuvo cedido en Hurac\u00e1n, donde convirti\u00f3 4 goles [&hellip;]<\/p>\n","protected":false},"author":101016,"featured_media":83987,"comment_status":"open","ping_status":"closed","sticky":false,"template":"","format":"standard","meta":{"_links_to":"","_links_to_target":""},"categories":[3280,3247],"tags":[3785,4267,153,1685,1861],"_links":{"self":[{"href":"https:\/\/www.locoxelrojo.com\/independiente\/wp-json\/wp\/v2\/posts\/83985"}],"collection":[{"href":"https:\/\/www.locoxelrojo.com\/independiente\/wp-json\/wp\/v2\/posts"}],"about":[{"href":"https:\/\/www.locoxelrojo.com\/independiente\/wp-json\/wp\/v2\/types\/post"}],"author":[{"embeddable":true,"href":"https:\/\/www.locoxelrojo.com\/independiente\/wp-json\/wp\/v2\/users\/101016"}],"replies":[{"embeddable":true,"href":"https:\/\/www.locoxelrojo.com\/independiente\/wp-json\/wp\/v2\/comments?post=83985"}],"version-history":[{"count":0,"href":"https:\/\/www.locoxelrojo.com\/independiente\/wp-json\/wp\/v2\/posts\/83985\/revisions"}],"wp:featuredmedia":[{"embeddable":true,"href":"https:\/\/www.locoxelrojo.com\/independiente\/wp-json\/wp\/v2\/media\/83987"}],"wp:attachment":[{"href":"https:\/\/www.locoxelrojo.com\/independiente\/wp-json\/wp\/v2\/media?parent=83985"}],"wp:term":[{"taxonomy":"category","embeddable":true,"href":"https:\/\/www.locoxelrojo.com\/independiente\/wp-json\/wp\/v2\/categories?post=83985"},{"taxonomy":"post_tag","embeddable":true,"href":"https:\/\/www.locoxelrojo.com\/independiente\/wp-json\/wp\/v2\/tags?post=83985"}],"curies":[{"name":"wp","href":"https:\/\/api.w.org\/{rel}","templated":true}]}}