{"id":84061,"date":"2019-07-22T17:21:14","date_gmt":"2019-07-22T20:21:14","guid":{"rendered":"http:\/\/www.locoxelrojo.com\/independiente\/?p=84061"},"modified":"2019-07-23T13:51:58","modified_gmt":"2019-07-23T16:51:58","slug":"hablo-lucas-romero-llega","status":"publish","type":"post","link":"https:\/\/www.locoxelrojo.com\/independiente\/2019\/07\/22\/hablo-lucas-romero-llega\/","title":{"rendered":"Habl\u00f3 Lucas Romero: \u00bfllega?"},"content":{"rendered":"<p><strong>Desde Independiente buscan cerrar la incorporaci\u00f3n de Lucas Romero, si bien la negociaci\u00f3n est\u00e1 encaminada, nada est\u00e1 dicho<\/strong>. El jugador, arrib\u00f3 a Argentina el domingo por la noche, junto a la delegaci\u00f3n de Cruzeiro, para enfrentar a River por Copa Libertadores y declar\u00f3 sobre su futuro.<\/p>\n<p>El volante de 25 a\u00f1os le remarc\u00f3 a los medios brasile\u00f1os:<strong> \u201cLo \u00fanico que puedo hablar es que estoy pensando en el juego del martes que va a ser muy importante. Solo pienso en el partido y despu\u00e9s se ver\u00e1 que es lo que pasa\u201d<\/strong>.<\/p>\n<p>Romero presiona para salir del club y poder jugar nuevamente en el pa\u00eds. <strong>Su idea es jugar este compromiso, en caso que el t\u00e9cnico lo cuente entre los titulares y quedarse en Argentina para vestir la camiseta de Independiente<\/strong>. La oferta original es por <strong>el 50% del pase en 1.900.000 m\u00e1s la cancelaci\u00f3n de una deuda de 600.000 d\u00f3lares de la venta de Mat\u00edas Pisano en 2016<\/strong>.<\/p>\n<p><strong>En las pr\u00f3ximas horas habr\u00e1 una reuni\u00f3n entre dirigentes de ambos clubes<\/strong> para comenzar a definir la negociaci\u00f3n.<\/p>\n","protected":false},"excerpt":{"rendered":"<p>Desde Independiente buscan cerrar la incorporaci\u00f3n de Lucas Romero, si bien la negociaci\u00f3n est\u00e1 encaminada, nada est\u00e1 dicho. El jugador, arrib\u00f3 a Argentina el domingo por la noche, junto a la delegaci\u00f3n de Cruzeiro, para enfrentar a River por Copa Libertadores y declar\u00f3 sobre su futuro. El volante de 25 a\u00f1os le remarc\u00f3 a los [&hellip;]<\/p>\n","protected":false},"author":25,"featured_media":84062,"comment_status":"open","ping_status":"closed","sticky":false,"template":"","format":"standard","meta":{"_links_to":"","_links_to_target":""},"categories":[3280,3247],"tags":[2768],"_links":{"self":[{"href":"https:\/\/www.locoxelrojo.com\/independiente\/wp-json\/wp\/v2\/posts\/84061"}],"collection":[{"href":"https:\/\/www.locoxelrojo.com\/independiente\/wp-json\/wp\/v2\/posts"}],"about":[{"href":"https:\/\/www.locoxelrojo.com\/independiente\/wp-json\/wp\/v2\/types\/post"}],"author":[{"embeddable":true,"href":"https:\/\/www.locoxelrojo.com\/independiente\/wp-json\/wp\/v2\/users\/25"}],"replies":[{"embeddable":true,"href":"https:\/\/www.locoxelrojo.com\/independiente\/wp-json\/wp\/v2\/comments?post=84061"}],"version-history":[{"count":0,"href":"https:\/\/www.locoxelrojo.com\/independiente\/wp-json\/wp\/v2\/posts\/84061\/revisions"}],"wp:featuredmedia":[{"embeddable":true,"href":"https:\/\/www.locoxelrojo.com\/independiente\/wp-json\/wp\/v2\/media\/84062"}],"wp:attachment":[{"href":"https:\/\/www.locoxelrojo.com\/independiente\/wp-json\/wp\/v2\/media?parent=84061"}],"wp:term":[{"taxonomy":"category","embeddable":true,"href":"https:\/\/www.locoxelrojo.com\/independiente\/wp-json\/wp\/v2\/categories?post=84061"},{"taxonomy":"post_tag","embeddable":true,"href":"https:\/\/www.locoxelrojo.com\/independiente\/wp-json\/wp\/v2\/tags?post=84061"}],"curies":[{"name":"wp","href":"https:\/\/api.w.org\/{rel}","templated":true}]}}