{"id":84063,"date":"2019-07-22T17:45:29","date_gmt":"2019-07-22T20:45:29","guid":{"rendered":"http:\/\/www.locoxelrojo.com\/independiente\/?p=84063"},"modified":"2019-07-22T17:45:29","modified_gmt":"2019-07-22T20:45:29","slug":"preparando-el-debut","status":"publish","type":"post","link":"https:\/\/www.locoxelrojo.com\/independiente\/2019\/07\/22\/preparando-el-debut\/","title":{"rendered":"Preparando el debut"},"content":{"rendered":"<p>El plantel de Independiente se entren\u00f3 en el predio de Villa Dominico <strong>dando comienzo a una semana en la que volver\u00e1n los partidos oficiales.<\/strong><\/p>\n<p>Se acaban los momentos de especulaciones para Independiente en una semana en la que tendr\u00e1 Copa Sudamericana y el debut en la Superliga. Los jugadores realizaron los siguientes trabajos: <strong>Gimnasio, ejercicios f\u00edsicos, trabajos t\u00e9cnico-t\u00e1ctico y pelota parada<\/strong>.<\/p>\n<p><strong>Gast\u00f3n Togni volvi\u00f3 a entrenarse de manera diferenciada recuper\u00e1ndose de su lesi\u00f3n ligamentaria, mientras que Gonzalo Ver\u00f3n y Cristian Ch\u00e1vez, quienes la semana pasada entrenaron diferenciado, lo hicieron a la par del grupo.<\/strong><\/p>\n<p>Los dirigidos por Sebasti\u00e1n Beccacece <strong>volver\u00e1n a las pr\u00e1cticas el martes por la ma\u00f1ana en el predio de Villa Dominico<\/strong> y a puertas cerradas.<\/p>\n","protected":false},"excerpt":{"rendered":"<p>El plantel de Independiente se entren\u00f3 en el predio de Villa Dominico dando comienzo a una semana en la que volver\u00e1n los partidos oficiales. Se acaban los momentos de especulaciones para Independiente en una semana en la que tendr\u00e1 Copa Sudamericana y el debut en la Superliga. Los jugadores realizaron los siguientes trabajos: Gimnasio, ejercicios [&hellip;]<\/p>\n","protected":false},"author":25,"featured_media":84064,"comment_status":"open","ping_status":"closed","sticky":false,"template":"","format":"standard","meta":{"_links_to":"","_links_to_target":""},"categories":[3247,3],"tags":[4313,26,3166,3757,3532,172],"_links":{"self":[{"href":"https:\/\/www.locoxelrojo.com\/independiente\/wp-json\/wp\/v2\/posts\/84063"}],"collection":[{"href":"https:\/\/www.locoxelrojo.com\/independiente\/wp-json\/wp\/v2\/posts"}],"about":[{"href":"https:\/\/www.locoxelrojo.com\/independiente\/wp-json\/wp\/v2\/types\/post"}],"author":[{"embeddable":true,"href":"https:\/\/www.locoxelrojo.com\/independiente\/wp-json\/wp\/v2\/users\/25"}],"replies":[{"embeddable":true,"href":"https:\/\/www.locoxelrojo.com\/independiente\/wp-json\/wp\/v2\/comments?post=84063"}],"version-history":[{"count":0,"href":"https:\/\/www.locoxelrojo.com\/independiente\/wp-json\/wp\/v2\/posts\/84063\/revisions"}],"wp:featuredmedia":[{"embeddable":true,"href":"https:\/\/www.locoxelrojo.com\/independiente\/wp-json\/wp\/v2\/media\/84064"}],"wp:attachment":[{"href":"https:\/\/www.locoxelrojo.com\/independiente\/wp-json\/wp\/v2\/media?parent=84063"}],"wp:term":[{"taxonomy":"category","embeddable":true,"href":"https:\/\/www.locoxelrojo.com\/independiente\/wp-json\/wp\/v2\/categories?post=84063"},{"taxonomy":"post_tag","embeddable":true,"href":"https:\/\/www.locoxelrojo.com\/independiente\/wp-json\/wp\/v2\/tags?post=84063"}],"curies":[{"name":"wp","href":"https:\/\/api.w.org\/{rel}","templated":true}]}}