{"id":8410,"date":"2011-06-01T00:55:56","date_gmt":"2011-06-01T03:55:56","guid":{"rendered":"http:\/\/www.locoxelrojo.com.ar\/independiente\/?p=8410"},"modified":"2011-06-01T00:55:56","modified_gmt":"2011-06-01T03:55:56","slug":"mattera-durante-el-transcurso-del-ano-el-estadio-va-a-estar-terminado","status":"publish","type":"post","link":"https:\/\/www.locoxelrojo.com\/independiente\/2011\/06\/01\/mattera-durante-el-transcurso-del-ano-el-estadio-va-a-estar-terminado\/","title":{"rendered":"Mattera: &#8220;Durante el transcurso del a\u00f1o el estadio va a estar terminado&#8221;"},"content":{"rendered":"<p><a href=\"http:\/\/www.locoxelrojo.com.ar\/independiente\/wp-content\/uploads\/2011\/06\/mattera.jpg\"><img loading=\"lazy\" class=\"alignnone size-full wp-image-8411\" title=\"mattera\" src=\"http:\/\/www.locoxelrojo.com.ar\/independiente\/wp-content\/uploads\/2011\/06\/mattera.jpg\" alt=\"\" width=\"590\" height=\"315\" srcset=\"https:\/\/locoxelrojo.com\/independiente\/wp-content\/uploads\/2011\/06\/mattera.jpg 590w, https:\/\/locoxelrojo.com\/independiente\/wp-content\/uploads\/2011\/06\/mattera-300x160.jpg 300w\" sizes=\"(max-width: 590px) 100vw, 590px\" \/><\/a><\/p>\n<p><strong>Cristian Mattera <\/strong>dialog\u00f3 con<strong> Mundo Rojo -martes de 21:30 a 23 por Radio La Red AM 910- <\/strong>sobre el presente institucional y futbol\u00edstico del Club Atl\u00e9tico Independiente. El Secretario General del Club se refiri\u00f3 en primera instancia a la deuda que se mantiene con el plantel.<strong> &#8220;El compromiso es de 200 mil d\u00f3lares por semana en las 3 semanas que quedan para que se vayan de vacaciones con absolutamente toda la situaci\u00f3n salarial y de premios al d\u00eda. Es in\u00e9dito para el f\u00fatbol argentino<\/strong>&#8220;, cont\u00f3.<\/p>\n<p>Igualmente, volvi\u00f3 a reprochar la actitud de los jugadores.<strong> &#8220;El momento elegido fue inadecuado porque Independiente no se merec\u00eda una situaci\u00f3n medi\u00e1tica teniendo que afrontar un partido 24 horas despu\u00e9s. Pod\u00edan hacerlo el lunes despu\u00e9s de jugar el partido y teniendo toda la semana por delante para resolver el problema&#8221;<\/strong>, critic\u00f3.<\/p>\n<p>Respecto a la situaci\u00f3n institucional, Mattera explic\u00f3: &#8220;<strong>todos los clubes del f\u00fatbol argentino precisan vender jugadores en cada mercado. El f\u00fatbol es deficitario y no hay vuelta, as\u00ed lo demuestran todos los estudios. La situaci\u00f3n financiera nos agobia por la\u00a0construcci\u00f3n\u00a0del estadio. El d\u00e9ficit es menor que clubes similares a nivel magnitud. Independiente tiene una deuda importante por el estadio y tiene la necesidad de vender para pagar la deuda. Es una situaci\u00f3n coyuntural y que va a pasar porque el estadio va a quedar.&#8221;<\/strong><\/p>\n<p>Adem\u00e1s, record\u00f3 que no solo se invirti\u00f3 en el estadio<strong>. &#8220;Hicimos tremendas inversiones en infraestructura en Boyac\u00e1, Wilde y Dom\u00ednico que ahora solo hay que mantenerlas. En mediano plazo la agobiante situaci\u00f3n financiera va a ser un mal recuerdo&#8221;<\/strong>, asegur\u00f3.<\/p>\n<p>De todos modos, admiti\u00f3 que los dirigentes se equivocan al firmar contratos tan altos.<strong> &#8220;En el mercado de pases hay competencia cruel y salvaje entre los dirigentes, si no afilamos la lapicera no traemos los jugadores que la gente reclama y no podemos caminar por la calle. La falta de criterio, coraje y los medios nos llevan a firmar cosas mucho m\u00e1s all\u00e1 de \u00a0lo que podemos pagar&#8221;<\/strong>, reconoci\u00f3.<\/p>\n<p>Por \u00faltimo se refiri\u00f3 al estadio. <strong>&#8220;No me gusta hablar de fechas para el estadio porque es temerario. Durante el transcurso del a\u00f1o el estadio va a estar terminado&#8221;<\/strong>, prometi\u00f3 y luego detall\u00f3:<strong> &#8220;la garganta 4 est\u00e1 avanzada, se\u00a0efect\u00faan\u00a0los encofrados de la \u00faltima bandeja y en junio se empieza a hormigo\u00f1ear (sic). En 2 meses se habilita y las estructuras met\u00e1licas ya est\u00e1n colocadas sobre los palcos&#8221;<\/strong>. Por otro lado, aclar\u00f3 que Astori ya est\u00e1 trabajando con la pensi\u00f3n pero no se ve porque es abajo de la cabecera norte y adem\u00e1s, est\u00e1n en proceso de construcci\u00f3n las vigas para insertar las columnas de apoye de la garganta en la planta de General Rodr\u00edguez.<\/p>\n","protected":false},"excerpt":{"rendered":"<p>Cristian Mattera dialog\u00f3 con Mundo Rojo -martes de 21:30 a 23 por Radio La Red AM 910- sobre el presente institucional y futbol\u00edstico del Club Atl\u00e9tico Independiente. El Secretario General del Club se refiri\u00f3 en primera instancia a la deuda que se mantiene con el plantel. &#8220;El compromiso es de 200 mil d\u00f3lares por semana [&hellip;]<\/p>\n","protected":false},"author":1,"featured_media":0,"comment_status":"open","ping_status":"open","sticky":false,"template":"","format":"standard","meta":{"_links_to":"","_links_to_target":""},"categories":[3,1],"tags":[153,103,247],"_links":{"self":[{"href":"https:\/\/www.locoxelrojo.com\/independiente\/wp-json\/wp\/v2\/posts\/8410"}],"collection":[{"href":"https:\/\/www.locoxelrojo.com\/independiente\/wp-json\/wp\/v2\/posts"}],"about":[{"href":"https:\/\/www.locoxelrojo.com\/independiente\/wp-json\/wp\/v2\/types\/post"}],"author":[{"embeddable":true,"href":"https:\/\/www.locoxelrojo.com\/independiente\/wp-json\/wp\/v2\/users\/1"}],"replies":[{"embeddable":true,"href":"https:\/\/www.locoxelrojo.com\/independiente\/wp-json\/wp\/v2\/comments?post=8410"}],"version-history":[{"count":0,"href":"https:\/\/www.locoxelrojo.com\/independiente\/wp-json\/wp\/v2\/posts\/8410\/revisions"}],"wp:attachment":[{"href":"https:\/\/www.locoxelrojo.com\/independiente\/wp-json\/wp\/v2\/media?parent=8410"}],"wp:term":[{"taxonomy":"category","embeddable":true,"href":"https:\/\/www.locoxelrojo.com\/independiente\/wp-json\/wp\/v2\/categories?post=8410"},{"taxonomy":"post_tag","embeddable":true,"href":"https:\/\/www.locoxelrojo.com\/independiente\/wp-json\/wp\/v2\/tags?post=8410"}],"curies":[{"name":"wp","href":"https:\/\/api.w.org\/{rel}","templated":true}]}}