{"id":84130,"date":"2019-07-26T18:00:41","date_gmt":"2019-07-26T21:00:41","guid":{"rendered":"http:\/\/www.locoxelrojo.com\/independiente\/?p=84130"},"modified":"2019-07-26T20:42:29","modified_gmt":"2019-07-26T23:42:29","slug":"dieron-vuelta-la-pagina","status":"publish","type":"post","link":"https:\/\/www.locoxelrojo.com\/independiente\/2019\/07\/26\/dieron-vuelta-la-pagina\/","title":{"rendered":"Dieron vuelta la p\u00e1gina"},"content":{"rendered":"<p><strong>Independiente volvi\u00f3 a los entrenamientos en el predio de Villa Dom\u00ednico<\/strong> luego de la victoria ante Universidad Cat\u00f3lica de Ecuador por Copa Sudamericana.<\/p>\n<p><strong>Con la mente puesta en el duelo del domingo ante el Halc\u00f3n, Sebasti\u00e1n Beccacece dividi\u00f3 al plantel en dos grupos<\/strong>.\u00a0El primero lo formaron los futbolistas que vieron acci\u00f3n en la jornada de anoche, donde realizaron trabajos f\u00edsicos regenerativos y ejercicios en el gimnasio.<\/p>\n<p>El segundo, compuesto por el resto de los jugadores del plantel, ensayaron movimientos y jugadas de pelota parada, buscando sacarle mayor provecho a los c\u00f3rners y tiros libres desde los costados.<\/p>\n<p>Por su parte, <strong>Gast\u00f3n Togni contin\u00faa trabajando diferenciado<\/strong>, en recuperaci\u00f3n por la rotura de ligamentos sufrida el campeonato pasado en Defensa y Justicia.<\/p>\n<p><strong>El equipo volver\u00e1 a entrenarse ma\u00f1ana desde las 9<\/strong>, nuevamente en Villa Dom\u00ednico, a puertas cerradas y sin atenci\u00f3n a la prensa. Luego, el plantel quedar\u00e1 concentrado en el Hotel Scala de cara al partido ante el Halc\u00f3n de Varela.<\/p>\n","protected":false},"excerpt":{"rendered":"<p>Independiente volvi\u00f3 a los entrenamientos en el predio de Villa Dom\u00ednico luego de la victoria ante Universidad Cat\u00f3lica de Ecuador por Copa Sudamericana. Con la mente puesta en el duelo del domingo ante el Halc\u00f3n, Sebasti\u00e1n Beccacece dividi\u00f3 al plantel en dos grupos.\u00a0El primero lo formaron los futbolistas que vieron acci\u00f3n en la jornada de [&hellip;]<\/p>\n","protected":false},"author":101017,"featured_media":83807,"comment_status":"open","ping_status":"closed","sticky":false,"template":"","format":"standard","meta":{"_links_to":"","_links_to_target":""},"categories":[3247,3],"tags":[153,26,3166,1683],"_links":{"self":[{"href":"https:\/\/www.locoxelrojo.com\/independiente\/wp-json\/wp\/v2\/posts\/84130"}],"collection":[{"href":"https:\/\/www.locoxelrojo.com\/independiente\/wp-json\/wp\/v2\/posts"}],"about":[{"href":"https:\/\/www.locoxelrojo.com\/independiente\/wp-json\/wp\/v2\/types\/post"}],"author":[{"embeddable":true,"href":"https:\/\/www.locoxelrojo.com\/independiente\/wp-json\/wp\/v2\/users\/101017"}],"replies":[{"embeddable":true,"href":"https:\/\/www.locoxelrojo.com\/independiente\/wp-json\/wp\/v2\/comments?post=84130"}],"version-history":[{"count":0,"href":"https:\/\/www.locoxelrojo.com\/independiente\/wp-json\/wp\/v2\/posts\/84130\/revisions"}],"wp:featuredmedia":[{"embeddable":true,"href":"https:\/\/www.locoxelrojo.com\/independiente\/wp-json\/wp\/v2\/media\/83807"}],"wp:attachment":[{"href":"https:\/\/www.locoxelrojo.com\/independiente\/wp-json\/wp\/v2\/media?parent=84130"}],"wp:term":[{"taxonomy":"category","embeddable":true,"href":"https:\/\/www.locoxelrojo.com\/independiente\/wp-json\/wp\/v2\/categories?post=84130"},{"taxonomy":"post_tag","embeddable":true,"href":"https:\/\/www.locoxelrojo.com\/independiente\/wp-json\/wp\/v2\/tags?post=84130"}],"curies":[{"name":"wp","href":"https:\/\/api.w.org\/{rel}","templated":true}]}}