{"id":84203,"date":"2019-07-30T18:11:54","date_gmt":"2019-07-30T21:11:54","guid":{"rendered":"http:\/\/www.locoxelrojo.com\/independiente\/?p=84203"},"modified":"2019-07-31T17:26:08","modified_gmt":"2019-07-31T20:26:08","slug":"pablo-moyano-hablo-del-mercado-de-pases-vienen-por-benitez","status":"publish","type":"post","link":"https:\/\/www.locoxelrojo.com\/independiente\/2019\/07\/30\/pablo-moyano-hablo-del-mercado-de-pases-vienen-por-benitez\/","title":{"rendered":"Pablo Moyano habl\u00f3 del mercado de pases: \u00bfvienen por Ben\u00edtez?"},"content":{"rendered":"<p>Antes de subirse al avi\u00f3n para viajar a Ecuador, <strong>Pablo Moyano<\/strong> cont\u00f3 c\u00f3mo est\u00e1 el panorama del mercado de pases y se refiri\u00f3 a una posible salida de Mart\u00edn Ben\u00edtez.<\/p>\n<p>En las \u00faltimas horas corri\u00f3 la versi\u00f3n de que LA Galaxy tiene al 10 de Independiente entre sus planes y que prepara un ofrecimiento millonario. Sin embargo, antes de viajar a Quito, el vicepresidente fren\u00f3 ese envi\u00f3n: <strong>&#8220;Son todos rumores. Si es una oferta conveniente para el club y para el jugador, se analizar\u00e1, pero oficialmente no ha llegado ninguna propuesta por Mart\u00edn&#8221;<\/strong>.<\/p>\n<p>Consultado sobre la cotizaci\u00f3n del misionero, el dirigente explic\u00f3 que Ben\u00edtez <strong>&#8220;ha demostrado un nivel importante, est\u00e1 mejorando y tiene un valor importante&#8221;<\/strong>, y remarc\u00f3 que hoy en d\u00eda <strong>&#8220;la cl\u00e1usula de rescisi\u00f3n es de 20 millones de d\u00f3lares&#8221;<\/strong>. En la misma l\u00ednea, aclar\u00f3 que tampoco hubo sondeos por el arquero: <strong>&#8220;A veces algunos periodistas saben m\u00e1s que los dirigentes. Por Campa\u00f1a no hay nada. Lo \u00fanico que sali\u00f3 es lo de Ben\u00edtez, pero no nos lleg\u00f3 nada oficialmente&#8221;<\/strong>.<\/p>\n<p>Por otro lado, se mostr\u00f3 optimista con la chance de incorporar a Lucas Romero, el volante central que quiere Sebasti\u00e1n Beccacece.\u00a0<strong>&#8220;Hoy ya hemos hecho oficial la oferta al Cruzeiro y esperemos que en las pr\u00f3ximas horas lo podamos resolver favorablemente para el club&#8221;<\/strong>, anticip\u00f3.<\/p>\n<p>Otro problema que desvela a la dirigencia del Rojo es el cupo de extranjeros. Seg\u00fan el vice, el chileno es el apuntado para dejar el club: <strong>&#8220;Francisco Silva tiene una oferta de la Universidad Cat\u00f3lica de Chile. Estamos analizando rescindir el contrato y que siga su carrera en otro pa\u00eds o en otro equipo&#8221;<\/strong>.<\/p>\n","protected":false},"excerpt":{"rendered":"<p>Antes de subirse al avi\u00f3n para viajar a Ecuador, Pablo Moyano cont\u00f3 c\u00f3mo est\u00e1 el panorama del mercado de pases y se refiri\u00f3 a una posible salida de Mart\u00edn Ben\u00edtez. En las \u00faltimas horas corri\u00f3 la versi\u00f3n de que LA Galaxy tiene al 10 de Independiente entre sus planes y que prepara un ofrecimiento millonario. [&hellip;]<\/p>\n","protected":false},"author":8,"featured_media":82958,"comment_status":"open","ping_status":"closed","sticky":false,"template":"","format":"standard","meta":{"_links_to":"","_links_to_target":""},"categories":[3247,3],"tags":[3902,2768,258,3126,439],"_links":{"self":[{"href":"https:\/\/www.locoxelrojo.com\/independiente\/wp-json\/wp\/v2\/posts\/84203"}],"collection":[{"href":"https:\/\/www.locoxelrojo.com\/independiente\/wp-json\/wp\/v2\/posts"}],"about":[{"href":"https:\/\/www.locoxelrojo.com\/independiente\/wp-json\/wp\/v2\/types\/post"}],"author":[{"embeddable":true,"href":"https:\/\/www.locoxelrojo.com\/independiente\/wp-json\/wp\/v2\/users\/8"}],"replies":[{"embeddable":true,"href":"https:\/\/www.locoxelrojo.com\/independiente\/wp-json\/wp\/v2\/comments?post=84203"}],"version-history":[{"count":0,"href":"https:\/\/www.locoxelrojo.com\/independiente\/wp-json\/wp\/v2\/posts\/84203\/revisions"}],"wp:featuredmedia":[{"embeddable":true,"href":"https:\/\/www.locoxelrojo.com\/independiente\/wp-json\/wp\/v2\/media\/82958"}],"wp:attachment":[{"href":"https:\/\/www.locoxelrojo.com\/independiente\/wp-json\/wp\/v2\/media?parent=84203"}],"wp:term":[{"taxonomy":"category","embeddable":true,"href":"https:\/\/www.locoxelrojo.com\/independiente\/wp-json\/wp\/v2\/categories?post=84203"},{"taxonomy":"post_tag","embeddable":true,"href":"https:\/\/www.locoxelrojo.com\/independiente\/wp-json\/wp\/v2\/tags?post=84203"}],"curies":[{"name":"wp","href":"https:\/\/api.w.org\/{rel}","templated":true}]}}