{"id":84274,"date":"2019-08-01T23:43:27","date_gmt":"2019-08-02T02:43:27","guid":{"rendered":"http:\/\/www.locoxelrojo.com\/independiente\/?p=84274"},"modified":"2019-08-02T02:17:07","modified_gmt":"2019-08-02T05:17:07","slug":"beccacece-me-quedo-con-la-entrega-clasificamos-en-un-escenario-muy-complejo","status":"publish","type":"post","link":"https:\/\/www.locoxelrojo.com\/independiente\/2019\/08\/01\/beccacece-me-quedo-con-la-entrega-clasificamos-en-un-escenario-muy-complejo\/","title":{"rendered":"Beccacece: \u201cMe quedo con la entrega, clasificamos en un escenario muy complejo\u201d"},"content":{"rendered":"<p>En conferencia de prensa, <strong>Sebasti\u00e1n Beccacece<\/strong>\u00a0dio su lectura del partido que hizo Independiente en Quito y la clasificaci\u00f3n que logr\u00f3 a los cuartos de final de la Copa Sudamericana.<\/p>\n<p><strong>\u201cVinimos a buscar la clasificaci\u00f3n y la conseguimos en un escenario muy complejo ante un rival extremadamente ofensivo. Tuvimos imponderables desde el comienzo con la lesi\u00f3n de Dom\u00ednguez y con un penal inexistente. Nos repusimos a tantas adversidades y eso es lo que nos llena de satisfacci\u00f3n. Tendremos que corregir algunas situaciones, como la del segundo gol del rival\u201d<\/strong>, fueron las primeras apreciaciones de Beccacece sobre el encuentro de sus dirigidos.<\/p>\n<p>Al destacar los puntos fuertes del equipo, el DT indic\u00f3:<strong> \u201cDefendimos hasta el final con mucho compromiso, entereza y amor propio. Fue muy importante lo que pudo trasladar el grupo en esta instancia, m\u00e1s all\u00e1 de los goles del rival. Me quedo con la entrega que tuvo este grupo de futbolistas. Valoro lo que hizo mi equipo y estoy contento\u201d<\/strong>.<\/p>\n<p><strong>\u201cAhora tendremos que analizar al rival que se nos vendr\u00e1, hoy tenemos que disfrutar de esta clasificaci\u00f3n y habr\u00e1 que comenzar a pensar en Newell\u2019s. Sabemos que los equipos ecuatorianos son dif\u00edciles\u201d<\/strong>, se\u00f1al\u00f3 sobre el rival que viene en la Superliga la pr\u00f3xima fecha y <a href=\"https:\/\/www.locoxelrojo.com\/independiente\/2019\/08\/01\/el-proximo-rival-palpita-el-cruce-con-humor\/\">el adversario de cuartos de final de Copa Sudamericana<\/a>.<\/p>\n<p>Continuando la charla, explic\u00f3 como fue la situaci\u00f3n de Cecilio Dom\u00ednguez, quien lleg\u00f3 con lo justo y finalmente sali\u00f3 lesionado a los pocos minutos de empezado el partido: <strong>\u201cLo esperamos hasta el \u00faltimo momento. Tuvo el alta m\u00e9dica, si no, no lo hubi\u00e9semos puesto. En una jugada sinti\u00f3 una molestia y lo sacamos por precauci\u00f3n. Son decisiones que se toman y yo me hago cargo. El equipo no se vio afectado por eso\u201d<\/strong>. Y agreg\u00f3 sobre el criterio que us\u00f3 a la hora de hacer los cambios: <strong>\u201cHab\u00edamos hecho un cambio tempranero por la lesi\u00f3n de Cecilio. Esperamos al entretiempo porque no era aconsejable, en la altura, hacer dos cambios en la primera mitad. Llegamos a los goles producto del juego colectivo\u201d<\/strong>.<\/p>\n<p>Por otro lado, dio su mirada sobre el VAR y el penal en contra que le cobraron al Rojo: <strong>\u201cEst\u00e1 claro que habr\u00e1 errores en este primer tramo del VAR. Habr\u00e1 que intentar definir por parte de uno, porque con la c\u00e1mara lenta es imposible porque eso no es f\u00fatbol. Yo pienso que se ir\u00e1 ajustando. Estoy a favor de lo justo. Lo que no est\u00e1 bueno es tener que contener la emoci\u00f3n. Hay que dejar que fluya y esto de tener que esperar tres minutos para gritar un gol o para saber si fue o no offside&#8230;\u201d<\/strong>.<\/p>\n","protected":false},"excerpt":{"rendered":"<p>En conferencia de prensa, Sebasti\u00e1n Beccacece\u00a0dio su lectura del partido que hizo Independiente en Quito y la clasificaci\u00f3n que logr\u00f3 a los cuartos de final de la Copa Sudamericana. \u201cVinimos a buscar la clasificaci\u00f3n y la conseguimos en un escenario muy complejo ante un rival extremadamente ofensivo. Tuvimos imponderables desde el comienzo con la lesi\u00f3n [&hellip;]<\/p>\n","protected":false},"author":25,"featured_media":84276,"comment_status":"open","ping_status":"closed","sticky":false,"template":"","format":"standard","meta":{"_links_to":"","_links_to_target":""},"categories":[7,3247],"tags":[153,3882,3532,4261],"_links":{"self":[{"href":"https:\/\/www.locoxelrojo.com\/independiente\/wp-json\/wp\/v2\/posts\/84274"}],"collection":[{"href":"https:\/\/www.locoxelrojo.com\/independiente\/wp-json\/wp\/v2\/posts"}],"about":[{"href":"https:\/\/www.locoxelrojo.com\/independiente\/wp-json\/wp\/v2\/types\/post"}],"author":[{"embeddable":true,"href":"https:\/\/www.locoxelrojo.com\/independiente\/wp-json\/wp\/v2\/users\/25"}],"replies":[{"embeddable":true,"href":"https:\/\/www.locoxelrojo.com\/independiente\/wp-json\/wp\/v2\/comments?post=84274"}],"version-history":[{"count":1,"href":"https:\/\/www.locoxelrojo.com\/independiente\/wp-json\/wp\/v2\/posts\/84274\/revisions"}],"predecessor-version":[{"id":84275,"href":"https:\/\/www.locoxelrojo.com\/independiente\/wp-json\/wp\/v2\/posts\/84274\/revisions\/84275"}],"wp:featuredmedia":[{"embeddable":true,"href":"https:\/\/www.locoxelrojo.com\/independiente\/wp-json\/wp\/v2\/media\/84276"}],"wp:attachment":[{"href":"https:\/\/www.locoxelrojo.com\/independiente\/wp-json\/wp\/v2\/media?parent=84274"}],"wp:term":[{"taxonomy":"category","embeddable":true,"href":"https:\/\/www.locoxelrojo.com\/independiente\/wp-json\/wp\/v2\/categories?post=84274"},{"taxonomy":"post_tag","embeddable":true,"href":"https:\/\/www.locoxelrojo.com\/independiente\/wp-json\/wp\/v2\/tags?post=84274"}],"curies":[{"name":"wp","href":"https:\/\/api.w.org\/{rel}","templated":true}]}}