{"id":84285,"date":"2019-08-02T13:56:51","date_gmt":"2019-08-02T16:56:51","guid":{"rendered":"http:\/\/www.locoxelrojo.com\/independiente\/?p=84285"},"modified":"2019-08-03T08:04:10","modified_gmt":"2019-08-03T11:04:10","slug":"p-moyano-si-no-pasa-nada-raro-el-lunes-presentamos-a-romero","status":"publish","type":"post","link":"https:\/\/www.locoxelrojo.com\/independiente\/2019\/08\/02\/p-moyano-si-no-pasa-nada-raro-el-lunes-presentamos-a-romero\/","title":{"rendered":"P. Moyano: &#8220;Si no pasa nada raro, el lunes presentamos a Romero&#8221;"},"content":{"rendered":"<p>El vicepresidente primero de Independiente, <strong>Pablo Moyano<\/strong>, dio una entrevista en la que no ocult\u00f3 su conformismo por la clasificaci\u00f3n de Independiente a cuartos de final de la Copa Sudamericana. Tambi\u00e9n, dio detalles sobre la llegada de Lucas Romero al pa\u00eds.<\/p>\n<p>El vicepresidente valor\u00f3 la labor de los jugadores para pasar de ronda: <strong>&#8220;Estoy muy contento por como corrieron los jugadores en la altura. Este es el camino, los jugadores dieron todo. Nosotros estamos bajando las escaleras y nos cansamos. Imag\u00ednate ellos&#8221;<\/strong>.<\/p>\n<p><strong>\u201cMa\u00f1ana (por hoy viernes) llega Lucas Romero y se hace la revisi\u00f3n m\u00e9dica el s\u00e1bado. Si no pasa nada raro, el lunes lo presentamos\u201d<\/strong>, explic\u00f3 Moyano en Radio La Red sobre cu\u00e1les ser\u00e1n los pasos a dar para que el ex Cruzeiro se convierta en el quinto refuerzo del Rey de Copas.<\/p>\n<p>Luego, al ser consultado sobre el entrenador de Independiente, el directivo le deposit\u00f3 toda su confianza y asegur\u00f3: <strong>&#8220;(Sebasti\u00e1n) Beccacece sigue la misma l\u00ednea que Holan, que nos dio dos copas\u201d<\/strong>.<\/p>\n<p>En el cierre, el vice primero analiz\u00f3 lo que ser\u00e1 el partido de vuelta ante Independiente del Valle en la altura de Ecuador: <strong>\u201cVamos a tener que volver ac\u00e1, pero con la experiencia del DT y de los jugadores vamos a estar bien\u201d<\/strong>.<\/p>\n","protected":false},"excerpt":{"rendered":"<p>El vicepresidente primero de Independiente, Pablo Moyano, dio una entrevista en la que no ocult\u00f3 su conformismo por la clasificaci\u00f3n de Independiente a cuartos de final de la Copa Sudamericana. Tambi\u00e9n, dio detalles sobre la llegada de Lucas Romero al pa\u00eds. El vicepresidente valor\u00f3 la labor de los jugadores para pasar de ronda: &#8220;Estoy muy [&hellip;]<\/p>\n","protected":false},"author":25,"featured_media":84286,"comment_status":"open","ping_status":"closed","sticky":false,"template":"","format":"standard","meta":{"_links_to":"","_links_to_target":""},"categories":[3280,3247],"tags":[153,2768,439],"_links":{"self":[{"href":"https:\/\/www.locoxelrojo.com\/independiente\/wp-json\/wp\/v2\/posts\/84285"}],"collection":[{"href":"https:\/\/www.locoxelrojo.com\/independiente\/wp-json\/wp\/v2\/posts"}],"about":[{"href":"https:\/\/www.locoxelrojo.com\/independiente\/wp-json\/wp\/v2\/types\/post"}],"author":[{"embeddable":true,"href":"https:\/\/www.locoxelrojo.com\/independiente\/wp-json\/wp\/v2\/users\/25"}],"replies":[{"embeddable":true,"href":"https:\/\/www.locoxelrojo.com\/independiente\/wp-json\/wp\/v2\/comments?post=84285"}],"version-history":[{"count":0,"href":"https:\/\/www.locoxelrojo.com\/independiente\/wp-json\/wp\/v2\/posts\/84285\/revisions"}],"wp:featuredmedia":[{"embeddable":true,"href":"https:\/\/www.locoxelrojo.com\/independiente\/wp-json\/wp\/v2\/media\/84286"}],"wp:attachment":[{"href":"https:\/\/www.locoxelrojo.com\/independiente\/wp-json\/wp\/v2\/media?parent=84285"}],"wp:term":[{"taxonomy":"category","embeddable":true,"href":"https:\/\/www.locoxelrojo.com\/independiente\/wp-json\/wp\/v2\/categories?post=84285"},{"taxonomy":"post_tag","embeddable":true,"href":"https:\/\/www.locoxelrojo.com\/independiente\/wp-json\/wp\/v2\/tags?post=84285"}],"curies":[{"name":"wp","href":"https:\/\/api.w.org\/{rel}","templated":true}]}}