{"id":84338,"date":"2019-08-04T16:19:14","date_gmt":"2019-08-04T19:19:14","guid":{"rendered":"http:\/\/www.locoxelrojo.com\/independiente\/?p=84338"},"modified":"2019-08-04T16:19:51","modified_gmt":"2019-08-04T19:19:51","slug":"concentrados-vs-independiente-del-valle-con-palacios-y-roa","status":"publish","type":"post","link":"https:\/\/www.locoxelrojo.com\/independiente\/2019\/08\/04\/concentrados-vs-independiente-del-valle-con-palacios-y-roa\/","title":{"rendered":"Concentrados vs. Independiente del Valle: con Palacios y Roa"},"content":{"rendered":"<p>Independiente tendr\u00e1 este martes una nueva noche de Copa Sudamericana, por la ida de los cuartos de final. <strong>Sebasti\u00e1n Beccacece ya confirm\u00f3 a los 20 futbolistas que concentrar\u00e1n para enfrentar a Independiente Del Valle<\/strong>.<\/p>\n<p>Teniendo en cuenta la lista de los que viajaron la semana pasada a Quito, <strong>el DT realiz\u00f3 dos variantes<\/strong>. Por un lado, <strong>el ingreso del colombiano Andr\u00e9s Roa por Francisco Silva<\/strong> <a href=\"https:\/\/www.locoxelrojo.com\/independiente\/2019\/08\/03\/silva-se-fue-a-chile-y-libero-un-cupo\/\">-ya no pertenece al club-<\/a>, <strong>y por el otro, la inclusi\u00f3n de Sebasti\u00e1n Palacios <a href=\"https:\/\/www.locoxelrojo.com\/independiente\/2019\/08\/04\/pierde-una-pieza-importante\/\">por el lesionado Cecilio Dom\u00ednguez<\/a><\/strong>.<\/p>\n<p>Los 18 restantes conservan su lugar en la n\u00f3mina, quedando una distribuci\u00f3n pareja de 2 arqueros, 6 defensores, 6 mediocampistas y 6 delanteros.<\/p>\n<p><strong>Estos son los 20 seleccionados:<\/strong><\/p>\n<p><span style=\"text-decoration: underline;\"><strong>Arqueros:<\/strong> <\/span>Mart\u00edn Campa\u00f1a y Milton \u00c1lvarez.<\/p>\n<p><span style=\"text-decoration: underline;\"><strong>Defensores:<\/strong><\/span> Alan Franco, Nicol\u00e1s Figal, Juan S\u00e1nchez Mi\u00f1o, Fabricio Bustos, Gast\u00f3n Silva y Sergio Barreto.<\/p>\n<p><span style=\"text-decoration: underline;\"><strong>Mediocampistas:<\/strong><\/span> Nicol\u00e1s Domingo, Pablo P\u00e9rez, Alan So\u00f1ora, Lucas Gonz\u00e1lez, Pablo Hern\u00e1ndez y Andr\u00e9s Roa.<\/p>\n<p><span style=\"text-decoration: underline;\"><strong>Delanteros:<\/strong><\/span> Mart\u00edn Ben\u00edtez, Alan Velasco, Silvio Romero, Cristian Ch\u00e1vez, Francisco Pizzini y Sebasti\u00e1n Palacios.<\/p>\n","protected":false},"excerpt":{"rendered":"<p>Independiente tendr\u00e1 este martes una nueva noche de Copa Sudamericana, por la ida de los cuartos de final. Sebasti\u00e1n Beccacece ya confirm\u00f3 a los 20 futbolistas que concentrar\u00e1n para enfrentar a Independiente Del Valle. Teniendo en cuenta la lista de los que viajaron la semana pasada a Quito, el DT realiz\u00f3 dos variantes. Por un [&hellip;]<\/p>\n","protected":false},"author":101014,"featured_media":84339,"comment_status":"open","ping_status":"closed","sticky":false,"template":"","format":"standard","meta":{"_links_to":"","_links_to_target":""},"categories":[7,3247],"tags":[4267,4104,153,2024,3882,3902,4328,3432],"_links":{"self":[{"href":"https:\/\/www.locoxelrojo.com\/independiente\/wp-json\/wp\/v2\/posts\/84338"}],"collection":[{"href":"https:\/\/www.locoxelrojo.com\/independiente\/wp-json\/wp\/v2\/posts"}],"about":[{"href":"https:\/\/www.locoxelrojo.com\/independiente\/wp-json\/wp\/v2\/types\/post"}],"author":[{"embeddable":true,"href":"https:\/\/www.locoxelrojo.com\/independiente\/wp-json\/wp\/v2\/users\/101014"}],"replies":[{"embeddable":true,"href":"https:\/\/www.locoxelrojo.com\/independiente\/wp-json\/wp\/v2\/comments?post=84338"}],"version-history":[{"count":0,"href":"https:\/\/www.locoxelrojo.com\/independiente\/wp-json\/wp\/v2\/posts\/84338\/revisions"}],"wp:featuredmedia":[{"embeddable":true,"href":"https:\/\/www.locoxelrojo.com\/independiente\/wp-json\/wp\/v2\/media\/84339"}],"wp:attachment":[{"href":"https:\/\/www.locoxelrojo.com\/independiente\/wp-json\/wp\/v2\/media?parent=84338"}],"wp:term":[{"taxonomy":"category","embeddable":true,"href":"https:\/\/www.locoxelrojo.com\/independiente\/wp-json\/wp\/v2\/categories?post=84338"},{"taxonomy":"post_tag","embeddable":true,"href":"https:\/\/www.locoxelrojo.com\/independiente\/wp-json\/wp\/v2\/tags?post=84338"}],"curies":[{"name":"wp","href":"https:\/\/api.w.org\/{rel}","templated":true}]}}