{"id":84494,"date":"2019-08-14T19:57:06","date_gmt":"2019-08-14T22:57:06","guid":{"rendered":"http:\/\/www.locoxelrojo.com\/independiente\/?p=84494"},"modified":"2019-08-14T19:57:06","modified_gmt":"2019-08-14T22:57:06","slug":"mala-noticia-en-la-vuelta-a-las-practicas","status":"publish","type":"post","link":"https:\/\/www.locoxelrojo.com\/independiente\/2019\/08\/14\/mala-noticia-en-la-vuelta-a-las-practicas\/","title":{"rendered":"Mala noticia en la vuelta a las pr\u00e1cticas"},"content":{"rendered":"<p><strong>El plantel de Independiente regres\u00f3 de Ecuador y r\u00e1pidamente retom\u00f3 los entrenamientos en Villa Dom\u00ednico. Sebasti\u00e1n Beccacece sum\u00f3 un nuevo lesionado.<\/strong><\/p>\n<p>Despu\u00e9s de la eliminaci\u00f3n ante Independiente del Valle, el Rojo dio vuelta la p\u00e1gina y volvi\u00f3 a las pr\u00e1cticas con la mente puesta en el partido del lunes contra Estudiantes. Arrancaron la tarde con <strong>ejercicios f\u00edsicos intermitentes<\/strong> y luego realizaron <strong>movimientos defensivos, trabajos t\u00e1cticos y combinaciones de ataque<\/strong>.<\/p>\n<p>La mala noticia del d\u00eda la dio <strong>Carlos Benav\u00eddez, quien sufri\u00f3 un peque\u00f1o desgarro en el aductor menor de la pierna derecha<\/strong> que lo tendr\u00e1 al menos dos semanas fuera de las canchas. Si bien corr\u00eda de atr\u00e1s en la consideraci\u00f3n del t\u00e9cnico, aparec\u00eda como alternativa ante la grave lesi\u00f3n de Pablo Hern\u00e1ndez.<\/p>\n<p><strong>El uruguayo se entren\u00f3 diferenciado junto al Tucu y a Gast\u00f3n Togni<\/strong>, quien est\u00e1 en la etapa final de su recuperaci\u00f3n. La vuelta a los entrenamientos ser\u00e1 este jueves por la ma\u00f1ana en Villa Dom\u00ednico, a puertas cerradas.<\/p>\n","protected":false},"excerpt":{"rendered":"<p>El plantel de Independiente regres\u00f3 de Ecuador y r\u00e1pidamente retom\u00f3 los entrenamientos en Villa Dom\u00ednico. Sebasti\u00e1n Beccacece sum\u00f3 un nuevo lesionado. Despu\u00e9s de la eliminaci\u00f3n ante Independiente del Valle, el Rojo dio vuelta la p\u00e1gina y volvi\u00f3 a las pr\u00e1cticas con la mente puesta en el partido del lunes contra Estudiantes. Arrancaron la tarde con [&hellip;]<\/p>\n","protected":false},"author":8,"featured_media":83682,"comment_status":"open","ping_status":"closed","sticky":false,"template":"","format":"standard","meta":{"_links_to":"","_links_to_target":""},"categories":[3247,3],"tags":[3758,26,172],"_links":{"self":[{"href":"https:\/\/www.locoxelrojo.com\/independiente\/wp-json\/wp\/v2\/posts\/84494"}],"collection":[{"href":"https:\/\/www.locoxelrojo.com\/independiente\/wp-json\/wp\/v2\/posts"}],"about":[{"href":"https:\/\/www.locoxelrojo.com\/independiente\/wp-json\/wp\/v2\/types\/post"}],"author":[{"embeddable":true,"href":"https:\/\/www.locoxelrojo.com\/independiente\/wp-json\/wp\/v2\/users\/8"}],"replies":[{"embeddable":true,"href":"https:\/\/www.locoxelrojo.com\/independiente\/wp-json\/wp\/v2\/comments?post=84494"}],"version-history":[{"count":0,"href":"https:\/\/www.locoxelrojo.com\/independiente\/wp-json\/wp\/v2\/posts\/84494\/revisions"}],"wp:featuredmedia":[{"embeddable":true,"href":"https:\/\/www.locoxelrojo.com\/independiente\/wp-json\/wp\/v2\/media\/83682"}],"wp:attachment":[{"href":"https:\/\/www.locoxelrojo.com\/independiente\/wp-json\/wp\/v2\/media?parent=84494"}],"wp:term":[{"taxonomy":"category","embeddable":true,"href":"https:\/\/www.locoxelrojo.com\/independiente\/wp-json\/wp\/v2\/categories?post=84494"},{"taxonomy":"post_tag","embeddable":true,"href":"https:\/\/www.locoxelrojo.com\/independiente\/wp-json\/wp\/v2\/tags?post=84494"}],"curies":[{"name":"wp","href":"https:\/\/api.w.org\/{rel}","templated":true}]}}