{"id":84556,"date":"2019-08-19T22:18:54","date_gmt":"2019-08-20T01:18:54","guid":{"rendered":"http:\/\/www.locoxelrojo.com\/independiente\/?p=84556"},"modified":"2019-08-19T23:30:38","modified_gmt":"2019-08-20T02:30:38","slug":"campana-lo-preocupante-es-como-el-equipo-se-vino-abajo-despues-del-primer-gol","status":"publish","type":"post","link":"https:\/\/www.locoxelrojo.com\/independiente\/2019\/08\/19\/campana-lo-preocupante-es-como-el-equipo-se-vino-abajo-despues-del-primer-gol\/","title":{"rendered":"Campa\u00f1a: \u201cLo preocupante es c\u00f3mo el equipo se vino abajo despu\u00e9s del primer gol\u201d"},"content":{"rendered":"<p>Mart\u00edn Campa\u00f1a habl\u00f3 tras finalizar <a href=\"https:\/\/www.locoxelrojo.com\/independiente\/2019\/08\/19\/impresentable\/\">la dura derrota por 3-0 ante Estudiantes<\/a>:<strong> \u201cDespu\u00e9s del gol por error propio fue otro partido, Estudiantes nos domin\u00f3 desde ah\u00ed\u201d<\/strong>. Y agreg\u00f3, sobre el tanto que abri\u00f3 el encuentro: <strong>\u201cLo preocupante es c\u00f3mo el equipo se vino abajo despu\u00e9s del primer gol\u201d<\/strong>.<\/p>\n<p>El arquero y capit\u00e1n de Independiente, tambi\u00e9n se refiri\u00f3 a la falta de juego del equipo: <strong>\u201cNo fuimos profundos a pesar de tener la pelota. Hay chicos que jugaron juntos por primera vez, hay que seguir mejorando\u201d<\/strong>.<\/p>\n<p>Para finalizar, Campa\u00f1a fue consultado por el tercer gol del Pincha y su falta de reacci\u00f3n. <strong>\u201cDi el paso para el otro lado y cuando quise reaccionar no llegu\u00e9. Me voy triste por no poder sacarla\u201d<\/strong>, concluy\u00f3.<\/p>\n","protected":false},"excerpt":{"rendered":"<p>Mart\u00edn Campa\u00f1a habl\u00f3 tras finalizar la dura derrota por 3-0 ante Estudiantes: \u201cDespu\u00e9s del gol por error propio fue otro partido, Estudiantes nos domin\u00f3 desde ah\u00ed\u201d. Y agreg\u00f3, sobre el tanto que abri\u00f3 el encuentro: \u201cLo preocupante es c\u00f3mo el equipo se vino abajo despu\u00e9s del primer gol\u201d. El arquero y capit\u00e1n de Independiente, tambi\u00e9n [&hellip;]<\/p>\n","protected":false},"author":101016,"featured_media":84557,"comment_status":"open","ping_status":"closed","sticky":false,"template":"","format":"standard","meta":{"_links_to":"","_links_to_target":""},"categories":[3247,3],"tags":[153,2563,3126,4195],"_links":{"self":[{"href":"https:\/\/www.locoxelrojo.com\/independiente\/wp-json\/wp\/v2\/posts\/84556"}],"collection":[{"href":"https:\/\/www.locoxelrojo.com\/independiente\/wp-json\/wp\/v2\/posts"}],"about":[{"href":"https:\/\/www.locoxelrojo.com\/independiente\/wp-json\/wp\/v2\/types\/post"}],"author":[{"embeddable":true,"href":"https:\/\/www.locoxelrojo.com\/independiente\/wp-json\/wp\/v2\/users\/101016"}],"replies":[{"embeddable":true,"href":"https:\/\/www.locoxelrojo.com\/independiente\/wp-json\/wp\/v2\/comments?post=84556"}],"version-history":[{"count":0,"href":"https:\/\/www.locoxelrojo.com\/independiente\/wp-json\/wp\/v2\/posts\/84556\/revisions"}],"wp:featuredmedia":[{"embeddable":true,"href":"https:\/\/www.locoxelrojo.com\/independiente\/wp-json\/wp\/v2\/media\/84557"}],"wp:attachment":[{"href":"https:\/\/www.locoxelrojo.com\/independiente\/wp-json\/wp\/v2\/media?parent=84556"}],"wp:term":[{"taxonomy":"category","embeddable":true,"href":"https:\/\/www.locoxelrojo.com\/independiente\/wp-json\/wp\/v2\/categories?post=84556"},{"taxonomy":"post_tag","embeddable":true,"href":"https:\/\/www.locoxelrojo.com\/independiente\/wp-json\/wp\/v2\/tags?post=84556"}],"curies":[{"name":"wp","href":"https:\/\/api.w.org\/{rel}","templated":true}]}}