{"id":84586,"date":"2019-08-20T23:08:38","date_gmt":"2019-08-21T02:08:38","guid":{"rendered":"http:\/\/www.locoxelrojo.com\/independiente\/?p=84586"},"modified":"2019-08-20T23:37:24","modified_gmt":"2019-08-21T02:37:24","slug":"vuelta-a-las-practicas-tras-la-dura-derrota","status":"publish","type":"post","link":"https:\/\/www.locoxelrojo.com\/independiente\/2019\/08\/20\/vuelta-a-las-practicas-tras-la-dura-derrota\/","title":{"rendered":"Vuelta a las pr\u00e1cticas tras la dura derrota"},"content":{"rendered":"<p><strong>El plantel de Independiente se entren\u00f3 en Villa Dom\u00ednico tras la dura ca\u00edda ante Estudiantes en La Plata.<\/strong><\/p>\n<p>Los que jugaron ante el Pincha realizaron <strong>ejercicios f\u00edsicos regenerativos y distintos trabajos en el gimnasio<\/strong>. Por otra parte, los futbolistas que no participaron del encuentro por Superliga realizaron una <strong>pr\u00e1ctica de f\u00fatbol con los juveniles de Reserva<\/strong>.<\/p>\n<p>Por la ma\u00f1ana, <strong>Pablo Hern\u00e1ndez fue operado exitosamente<\/strong> por los m\u00e9dicos del club Sebasti\u00e1n Abdala y Patricio Riatti. El tucumano est\u00e1 apto para comenzar la etapa de rehabilitaci\u00f3n. Quienes entrenaron de manera diferenciada, tambi\u00e9n en proceso de recuperaci\u00f3n de sus lesiones, fueron <strong>Gast\u00f3n Togni y Carlos Benav\u00eddez<\/strong>.<\/p>\n<p>El plantel del Rey de Copas volver\u00e1 a entrenarse ma\u00f1ana desde las 9 en Villa Dom\u00ednico, a puertas cerradas. Vale recordar que <strong>a Independiente se le viene una seguidilla de tres partidos en ocho d\u00edas<\/strong> que comienza este s\u00e1bado con Col\u00f3n en el Libertadores de Am\u00e9rica (luego jugar\u00e1 el mi\u00e9rcoles ante Patronato por Copa Argentina y el s\u00e1bado 31 nuevamente por Superliga).<\/p>\n","protected":false},"excerpt":{"rendered":"<p>El plantel de Independiente se entren\u00f3 en Villa Dom\u00ednico tras la dura ca\u00edda ante Estudiantes en La Plata. Los que jugaron ante el Pincha realizaron ejercicios f\u00edsicos regenerativos y distintos trabajos en el gimnasio. Por otra parte, los futbolistas que no participaron del encuentro por Superliga realizaron una pr\u00e1ctica de f\u00fatbol con los juveniles de [&hellip;]<\/p>\n","protected":false},"author":101016,"featured_media":84143,"comment_status":"open","ping_status":"closed","sticky":false,"template":"","format":"standard","meta":{"_links_to":"","_links_to_target":""},"categories":[3247,3],"tags":[26,172],"_links":{"self":[{"href":"https:\/\/www.locoxelrojo.com\/independiente\/wp-json\/wp\/v2\/posts\/84586"}],"collection":[{"href":"https:\/\/www.locoxelrojo.com\/independiente\/wp-json\/wp\/v2\/posts"}],"about":[{"href":"https:\/\/www.locoxelrojo.com\/independiente\/wp-json\/wp\/v2\/types\/post"}],"author":[{"embeddable":true,"href":"https:\/\/www.locoxelrojo.com\/independiente\/wp-json\/wp\/v2\/users\/101016"}],"replies":[{"embeddable":true,"href":"https:\/\/www.locoxelrojo.com\/independiente\/wp-json\/wp\/v2\/comments?post=84586"}],"version-history":[{"count":1,"href":"https:\/\/www.locoxelrojo.com\/independiente\/wp-json\/wp\/v2\/posts\/84586\/revisions"}],"predecessor-version":[{"id":84587,"href":"https:\/\/www.locoxelrojo.com\/independiente\/wp-json\/wp\/v2\/posts\/84586\/revisions\/84587"}],"wp:featuredmedia":[{"embeddable":true,"href":"https:\/\/www.locoxelrojo.com\/independiente\/wp-json\/wp\/v2\/media\/84143"}],"wp:attachment":[{"href":"https:\/\/www.locoxelrojo.com\/independiente\/wp-json\/wp\/v2\/media?parent=84586"}],"wp:term":[{"taxonomy":"category","embeddable":true,"href":"https:\/\/www.locoxelrojo.com\/independiente\/wp-json\/wp\/v2\/categories?post=84586"},{"taxonomy":"post_tag","embeddable":true,"href":"https:\/\/www.locoxelrojo.com\/independiente\/wp-json\/wp\/v2\/tags?post=84586"}],"curies":[{"name":"wp","href":"https:\/\/api.w.org\/{rel}","templated":true}]}}