{"id":84592,"date":"2019-08-21T15:59:24","date_gmt":"2019-08-21T18:59:24","guid":{"rendered":"http:\/\/www.locoxelrojo.com\/independiente\/?p=84592"},"modified":"2019-08-21T15:59:24","modified_gmt":"2019-08-21T18:59:24","slug":"miercoles-de-trabajo","status":"publish","type":"post","link":"https:\/\/www.locoxelrojo.com\/independiente\/2019\/08\/21\/miercoles-de-trabajo\/","title":{"rendered":"Mi\u00e9rcoles de trabajo"},"content":{"rendered":"<p><strong>Independiente se entren\u00f3 este mi\u00e9rcoles por la ma\u00f1ana en el predio de Villa Dom\u00ednico<\/strong>, de cara al partido ante Colon de Santa Fe, por la cuarta fecha de la Superliga.<\/p>\n<p>En primera instancia, <strong>los futbolistas llevaron a cabo trabajos en el gimnasio<\/strong>. Luego, los dirigidos por Sebasti\u00e1n Beccacece continuaron realizando <strong>ejercicios f\u00edsicos para terminar la pr\u00e1ctica con movimientos de posesi\u00f3n, circulaci\u00f3n y definici\u00f3n<\/strong>.<\/p>\n<p>Por otra parte, <strong>Gast\u00f3n Togni y Carlos Benav\u00eddez contin\u00faan rehabilit\u00e1ndose de sus respectivas lesiones<\/strong>. El equipo volver\u00e1 a entrenar ma\u00f1ana jueves, desde las 9, a puertas cerradas.<\/p>\n","protected":false},"excerpt":{"rendered":"<p>Independiente se entren\u00f3 este mi\u00e9rcoles por la ma\u00f1ana en el predio de Villa Dom\u00ednico, de cara al partido ante Colon de Santa Fe, por la cuarta fecha de la Superliga. En primera instancia, los futbolistas llevaron a cabo trabajos en el gimnasio. Luego, los dirigidos por Sebasti\u00e1n Beccacece continuaron realizando ejercicios f\u00edsicos para terminar la [&hellip;]<\/p>\n","protected":false},"author":101015,"featured_media":84593,"comment_status":"open","ping_status":"closed","sticky":false,"template":"","format":"standard","meta":{"_links_to":"","_links_to_target":""},"categories":[3247,3],"tags":[153,26,3532,172],"_links":{"self":[{"href":"https:\/\/www.locoxelrojo.com\/independiente\/wp-json\/wp\/v2\/posts\/84592"}],"collection":[{"href":"https:\/\/www.locoxelrojo.com\/independiente\/wp-json\/wp\/v2\/posts"}],"about":[{"href":"https:\/\/www.locoxelrojo.com\/independiente\/wp-json\/wp\/v2\/types\/post"}],"author":[{"embeddable":true,"href":"https:\/\/www.locoxelrojo.com\/independiente\/wp-json\/wp\/v2\/users\/101015"}],"replies":[{"embeddable":true,"href":"https:\/\/www.locoxelrojo.com\/independiente\/wp-json\/wp\/v2\/comments?post=84592"}],"version-history":[{"count":0,"href":"https:\/\/www.locoxelrojo.com\/independiente\/wp-json\/wp\/v2\/posts\/84592\/revisions"}],"wp:featuredmedia":[{"embeddable":true,"href":"https:\/\/www.locoxelrojo.com\/independiente\/wp-json\/wp\/v2\/media\/84593"}],"wp:attachment":[{"href":"https:\/\/www.locoxelrojo.com\/independiente\/wp-json\/wp\/v2\/media?parent=84592"}],"wp:term":[{"taxonomy":"category","embeddable":true,"href":"https:\/\/www.locoxelrojo.com\/independiente\/wp-json\/wp\/v2\/categories?post=84592"},{"taxonomy":"post_tag","embeddable":true,"href":"https:\/\/www.locoxelrojo.com\/independiente\/wp-json\/wp\/v2\/tags?post=84592"}],"curies":[{"name":"wp","href":"https:\/\/api.w.org\/{rel}","templated":true}]}}