{"id":8462,"date":"2011-06-02T19:39:23","date_gmt":"2011-06-02T22:39:23","guid":{"rendered":"http:\/\/www.locoxelrojo.com.ar\/independiente\/?p=8462"},"modified":"2015-09-10T22:46:12","modified_gmt":"2015-09-11T01:46:12","slug":"ivan-velez-nada-habia-cambiado-solo-los-resultados","status":"publish","type":"post","link":"https:\/\/www.locoxelrojo.com\/independiente\/2011\/06\/02\/ivan-velez-nada-habia-cambiado-solo-los-resultados\/","title":{"rendered":"V\u00e9lez: &#8220;Nada hab\u00eda cambiado, s\u00f3lo los resultados&#8221;"},"content":{"rendered":"<p><a href=\"http:\/\/www.locoxelrojo.com.ar\/independiente\/wp-content\/uploads\/2011\/06\/ivelez.jpg\"><img loading=\"lazy\" class=\"alignnone size-full wp-image-8468\" title=\"ivelez\" src=\"http:\/\/www.locoxelrojo.com.ar\/independiente\/wp-content\/uploads\/2011\/06\/ivelez.jpg\" alt=\"\" width=\"590\" height=\"315\" srcset=\"https:\/\/locoxelrojo.com\/independiente\/wp-content\/uploads\/2011\/06\/ivelez.jpg 590w, https:\/\/locoxelrojo.com\/independiente\/wp-content\/uploads\/2011\/06\/ivelez-300x160.jpg 300w\" sizes=\"(max-width: 590px) 100vw, 590px\" \/><\/a><\/p>\n<p><strong>Iv\u00e1n V\u00e9lez<\/strong> dialog\u00f3 con la prensa luego del entrenamiento en Villa Dom\u00ednico. El colombiano, es optimista de cara a las tres fechas que restan considerando que \u201c<strong>Tenemos que ganar y ver qu\u00e9 pasa\u201d<\/strong>. Igualmente, no perdi\u00f3 la raz\u00f3n y admiti\u00f3 que Independiente \u201c<strong>depende de lo que pase con los que est\u00e1n en el lote de arriba.\u201d<\/strong><\/p>\n<p>El colombiano, se tiene fe de cara a las 3 fechas finales.<strong> &#8220;nosotros tenemos que ganar&#8221;, <\/strong>manifest\u00f3 luego de la pr\u00e1ctica matutina. V\u00e9lez sabe que se viene un partido dif\u00edcil, igualmente destac\u00f3 el juego del granate. &#8220;<strong>Va a ser un partido lindo y abierto&#8221;<\/strong>, asegur\u00f3.<\/p>\n<p>Por \u00faltimo hizo un an\u00e1lisis de la levantada.<strong> &#8220;Nada hab\u00eda cambiado, s\u00f3lo los resultados,\u00a0 ahora solo quedar terminar el campeonato lo mejor posible<\/strong>&#8221; , concluy\u00f3.<\/p>\n","protected":false},"excerpt":{"rendered":"<p>Iv\u00e1n V\u00e9lez dialog\u00f3 con la prensa luego del entrenamiento en Villa Dom\u00ednico. El colombiano, es optimista de cara a las tres fechas que restan considerando que \u201cTenemos que ganar y ver qu\u00e9 pasa\u201d. Igualmente, no perdi\u00f3 la raz\u00f3n y admiti\u00f3 que Independiente \u201cdepende de lo que pase con los que est\u00e1n en el lote de [&hellip;]<\/p>\n","protected":false},"author":1,"featured_media":0,"comment_status":"open","ping_status":"open","sticky":false,"template":"","format":"standard","meta":{"_links_to":"","_links_to_target":""},"categories":[3,1],"tags":[153,412],"_links":{"self":[{"href":"https:\/\/www.locoxelrojo.com\/independiente\/wp-json\/wp\/v2\/posts\/8462"}],"collection":[{"href":"https:\/\/www.locoxelrojo.com\/independiente\/wp-json\/wp\/v2\/posts"}],"about":[{"href":"https:\/\/www.locoxelrojo.com\/independiente\/wp-json\/wp\/v2\/types\/post"}],"author":[{"embeddable":true,"href":"https:\/\/www.locoxelrojo.com\/independiente\/wp-json\/wp\/v2\/users\/1"}],"replies":[{"embeddable":true,"href":"https:\/\/www.locoxelrojo.com\/independiente\/wp-json\/wp\/v2\/comments?post=8462"}],"version-history":[{"count":0,"href":"https:\/\/www.locoxelrojo.com\/independiente\/wp-json\/wp\/v2\/posts\/8462\/revisions"}],"wp:attachment":[{"href":"https:\/\/www.locoxelrojo.com\/independiente\/wp-json\/wp\/v2\/media?parent=8462"}],"wp:term":[{"taxonomy":"category","embeddable":true,"href":"https:\/\/www.locoxelrojo.com\/independiente\/wp-json\/wp\/v2\/categories?post=8462"},{"taxonomy":"post_tag","embeddable":true,"href":"https:\/\/www.locoxelrojo.com\/independiente\/wp-json\/wp\/v2\/tags?post=8462"}],"curies":[{"name":"wp","href":"https:\/\/api.w.org\/{rel}","templated":true}]}}