{"id":8473,"date":"2011-06-02T20:14:10","date_gmt":"2011-06-02T23:14:10","guid":{"rendered":"http:\/\/www.locoxelrojo.com.ar\/independiente\/?p=8473"},"modified":"2011-06-02T20:15:18","modified_gmt":"2011-06-02T23:15:18","slug":"mohamed-sigo-en-independiente-porque-me-costo-mucho-llegar-aca","status":"publish","type":"post","link":"https:\/\/www.locoxelrojo.com\/independiente\/2011\/06\/02\/mohamed-sigo-en-independiente-porque-me-costo-mucho-llegar-aca\/","title":{"rendered":"Mohamed: &#8220;Sigo en Independiente porque me cost\u00f3 mucho llegar ac\u00e1&#8221;"},"content":{"rendered":"<p><a href=\"http:\/\/www.locoxelrojo.com.ar\/independiente\/wp-content\/uploads\/2011\/06\/mohamed_antonio.jpg\"><img loading=\"lazy\" class=\"alignnone size-full wp-image-8474\" title=\"mohamed_antonio\" src=\"http:\/\/www.locoxelrojo.com.ar\/independiente\/wp-content\/uploads\/2011\/06\/mohamed_antonio.jpg\" alt=\"\" width=\"590\" height=\"315\" srcset=\"https:\/\/locoxelrojo.com\/independiente\/wp-content\/uploads\/2011\/06\/mohamed_antonio.jpg 590w, https:\/\/locoxelrojo.com\/independiente\/wp-content\/uploads\/2011\/06\/mohamed_antonio-300x160.jpg 300w\" sizes=\"(max-width: 590px) 100vw, 590px\" \/><\/a><\/p>\n<p>Antonio Mohamed se mostr\u00f3 cr\u00edtico con los periodistas que manifestaron que Independiente no estaba preparado an\u00edmicamente para pelear la promoci\u00f3n. Adem\u00e1s, confirm\u00f3 su continuidad de cara al pr\u00f3ximo semestre en el club. En declaraciones a Un Buen Momento por Radio La Red AM 910, el DT expres\u00f3: <strong>&#8220;demostramos que estamos capacitados para salir, nosotros solos nos metimos en el problema. Si vos no sabes el problema que tenes es muy dif\u00edcil solucionarlo&#8221;<\/strong><\/p>\n<p>Luego agreg\u00f3:<strong> &#8220;los jugadores se entrgaron al m\u00e1ximo y siempre estuvieron preparados para todo. Tuvimos la mala suerte de hacer una pretemporada muy corta, para m\u00ed fue una experiencia nueva jugar dos torneos con tantos partidos. Me equivoqu\u00e9 al rotar tanto el equipo y asumo la responsabilidad&#8221; <\/strong><\/p>\n<p>El t\u00e9cnico se mostr\u00f3 enojado con los periodistas que intentaron analizar al situaci\u00f3n desde lo an\u00edmico y consider\u00f3 que hoy los n\u00fameros muestran lo contrario. <strong>&#8220;Todos los jugadores se preparan de la misma manera y tenemos claro lo que estamos jugando, sab\u00edamos desde la tercer fecha que \u00edbamos a tener problema con la promoci\u00f3n si no nos mentaliz\u00e1bamos. Son los mismos que dicen que River est\u00e1 preparado para pelear el descenso. Opinen de f\u00edsico, t\u00e1ctico y t\u00e9cnica. No pueden hacer esas afirmaciones con tanta seguridad porque no saben c\u00f3mo estamos. Hablen de f\u00fatbol no de psicolog\u00eda&#8221;<\/strong>, critic\u00f3.<\/p>\n<p>Respecto a las chances matem\u00e1ticas del Rojo, Mohamed manifest\u00f3 que el objetivo es un colchon de puntos para el campeonato que viene. <strong>&#8220;Tenemos que ganar un partido m\u00e1s para no tener problemas con el promedio y arrancar entre los 6 o 7 primeros el a\u00f1o que viene, para ver que pasa primero tenemos que ganar. La combinaci\u00f3n de resultados si se da no te quita la ilusi\u00f3n&#8221;.<\/strong><\/p>\n<p>Por \u00faltimo, confirm\u00f3 su continuidad en el club.<strong> &#8220;Sigo en Independiente, me cost\u00f3 mucho llegar ac\u00e1 y las cuentas las vamos a hacer al final. Ojal\u00e1 que con los directivos podamos armar un buen plantel. Yo calculo que dentro de 2 o 3 semanas vamos a estar hablando de refuerzos porque vamos a arrancar 2 o 3 semanas antes la pretemporada&#8221; <\/strong><\/p>\n<p><em><strong>Escuch\u00e1 el audio:<\/strong><\/em><\/p>\n<p><object classid=\"clsid:d27cdb6e-ae6d-11cf-96b8-444553540000\" width=\"335\" height=\"28\" codebase=\"http:\/\/download.macromedia.com\/pub\/shockwave\/cabs\/flash\/swflash.cab#version=6,0,40,0\"><param name=\"allowFullScreen\" value=\"true\" \/><param name=\"allowscriptaccess\" value=\"always\" \/><param name=\"wmode\" value=\"transparent\" \/><param name=\"src\" value=\"http:\/\/www.divshare.com\/flash\/audio_embed?data=YTo2OntzOjU6ImFwaUlkIjtzOjE6IjQiO3M6NjoiZmlsZUlkIjtzOjg6IjE1MDAxNTE1IjtzOjQ6ImNvZGUiO3M6MTI6IjE1MDAxNTE1LWVhNyI7czo2OiJ1c2VySWQiO3M6NzoiMjIxMTE0MSI7czoxMjoiZXh0ZXJuYWxDYWxsIjtpOjE7czo0OiJ0aW1lIjtpOjEzMDcwNTUyNDI7fQ==&amp;autoplay=default\" \/><param name=\"allowfullscreen\" value=\"true\" \/><embed type=\"application\/x-shockwave-flash\" width=\"335\" height=\"28\" src=\"http:\/\/www.divshare.com\/flash\/audio_embed?data=YTo2OntzOjU6ImFwaUlkIjtzOjE6IjQiO3M6NjoiZmlsZUlkIjtzOjg6IjE1MDAxNTE1IjtzOjQ6ImNvZGUiO3M6MTI6IjE1MDAxNTE1LWVhNyI7czo2OiJ1c2VySWQiO3M6NzoiMjIxMTE0MSI7czoxMjoiZXh0ZXJuYWxDYWxsIjtpOjE7czo0OiJ0aW1lIjtpOjEzMDcwNTUyNDI7fQ==&amp;autoplay=default\" wmode=\"transparent\" allowscriptaccess=\"always\" allowfullscreen=\"true\"><\/embed><\/object><\/p>\n","protected":false},"excerpt":{"rendered":"<p>Antonio Mohamed se mostr\u00f3 cr\u00edtico con los periodistas que manifestaron que Independiente no estaba preparado an\u00edmicamente para pelear la promoci\u00f3n. Adem\u00e1s, confirm\u00f3 su continuidad de cara al pr\u00f3ximo semestre en el club. En declaraciones a Un Buen Momento por Radio La Red AM 910, el DT expres\u00f3: &#8220;demostramos que estamos capacitados para salir, nosotros solos [&hellip;]<\/p>\n","protected":false},"author":1,"featured_media":0,"comment_status":"open","ping_status":"open","sticky":false,"template":"","format":"standard","meta":{"_links_to":"","_links_to_target":""},"categories":[3,1],"tags":[115,153],"_links":{"self":[{"href":"https:\/\/www.locoxelrojo.com\/independiente\/wp-json\/wp\/v2\/posts\/8473"}],"collection":[{"href":"https:\/\/www.locoxelrojo.com\/independiente\/wp-json\/wp\/v2\/posts"}],"about":[{"href":"https:\/\/www.locoxelrojo.com\/independiente\/wp-json\/wp\/v2\/types\/post"}],"author":[{"embeddable":true,"href":"https:\/\/www.locoxelrojo.com\/independiente\/wp-json\/wp\/v2\/users\/1"}],"replies":[{"embeddable":true,"href":"https:\/\/www.locoxelrojo.com\/independiente\/wp-json\/wp\/v2\/comments?post=8473"}],"version-history":[{"count":0,"href":"https:\/\/www.locoxelrojo.com\/independiente\/wp-json\/wp\/v2\/posts\/8473\/revisions"}],"wp:attachment":[{"href":"https:\/\/www.locoxelrojo.com\/independiente\/wp-json\/wp\/v2\/media?parent=8473"}],"wp:term":[{"taxonomy":"category","embeddable":true,"href":"https:\/\/www.locoxelrojo.com\/independiente\/wp-json\/wp\/v2\/categories?post=8473"},{"taxonomy":"post_tag","embeddable":true,"href":"https:\/\/www.locoxelrojo.com\/independiente\/wp-json\/wp\/v2\/tags?post=8473"}],"curies":[{"name":"wp","href":"https:\/\/api.w.org\/{rel}","templated":true}]}}