{"id":84739,"date":"2019-08-30T17:40:16","date_gmt":"2019-08-30T20:40:16","guid":{"rendered":"http:\/\/www.locoxelrojo.com\/independiente\/?p=84739"},"modified":"2019-08-30T17:40:28","modified_gmt":"2019-08-30T20:40:28","slug":"concentrados-vs-patronato-con-el-perro-y-sin-el-chino","status":"publish","type":"post","link":"https:\/\/www.locoxelrojo.com\/independiente\/2019\/08\/30\/concentrados-vs-patronato-con-el-perro-y-sin-el-chino\/","title":{"rendered":"Concentrados vs. Patronato: con el Perro y sin el Chino"},"content":{"rendered":"<p><strong>Sebasti\u00e1n Beccacece confirm\u00f3 a los concentrados de Independiente para enfrentar a Patronato en Paran\u00e1<\/strong>, en el marco de la 5\u00aa fecha de la Superliga Argentina 2019\/2020.<\/p>\n<p>El Rojo vuelve a enfrentarse ante el Patr\u00f3n tres d\u00edas despu\u00e9s del partido de Copa Argentina. El t\u00e9cnico dio a conocer qu\u00e9 jugadores viajan a Paran\u00e1 en la tarde de este viernes. Con respecto al partido anterior, la lista tuvo una sola modificaci\u00f3n: <strong>la vuelta de<\/strong>\u00a0<strong>Lucas Romero\u00a0y la salida de\u00a0Silvio Romero, quien fue licenciado por una situaci\u00f3n personal.<\/strong><\/p>\n<h3>Los concentrados vs. Patronato<\/h3>\n<p><strong>Arqueros:<\/strong> Mart\u00edn Campa\u00f1a y Milton \u00c1lvarez.<\/p>\n<p><strong>Defensores:<\/strong> Fabricio Bustos, Alan Franco, Nicol\u00e1s Figal, Juan S\u00e1nchez Mi\u00f1o, Alexander Barboza y Gast\u00f3n Silva.<\/p>\n<p><strong>Mediocampistas:<\/strong> Nicol\u00e1s Domingo, Carlos Benav\u00eddez, Lucas Romero, Pablo P\u00e9rez, Andr\u00e9s Roa y Domingo Blanco.<\/p>\n<p><strong>Delanteros:<\/strong> Mart\u00edn Ben\u00edtez, Sebasti\u00e1n Palacios, Francisco Pizzini, Cecilio Dom\u00ednguez y Cristian Ch\u00e1vez.<\/p>\n","protected":false},"excerpt":{"rendered":"<p>Sebasti\u00e1n Beccacece confirm\u00f3 a los concentrados de Independiente para enfrentar a Patronato en Paran\u00e1, en el marco de la 5\u00aa fecha de la Superliga Argentina 2019\/2020. El Rojo vuelve a enfrentarse ante el Patr\u00f3n tres d\u00edas despu\u00e9s del partido de Copa Argentina. El t\u00e9cnico dio a conocer qu\u00e9 jugadores viajan a Paran\u00e1 en la tarde [&hellip;]<\/p>\n","protected":false},"author":25,"featured_media":84740,"comment_status":"open","ping_status":"closed","sticky":false,"template":"","format":"standard","meta":{"_links_to":"","_links_to_target":""},"categories":[3247,3],"tags":[153,2024,3087,2768,1806],"_links":{"self":[{"href":"https:\/\/www.locoxelrojo.com\/independiente\/wp-json\/wp\/v2\/posts\/84739"}],"collection":[{"href":"https:\/\/www.locoxelrojo.com\/independiente\/wp-json\/wp\/v2\/posts"}],"about":[{"href":"https:\/\/www.locoxelrojo.com\/independiente\/wp-json\/wp\/v2\/types\/post"}],"author":[{"embeddable":true,"href":"https:\/\/www.locoxelrojo.com\/independiente\/wp-json\/wp\/v2\/users\/25"}],"replies":[{"embeddable":true,"href":"https:\/\/www.locoxelrojo.com\/independiente\/wp-json\/wp\/v2\/comments?post=84739"}],"version-history":[{"count":0,"href":"https:\/\/www.locoxelrojo.com\/independiente\/wp-json\/wp\/v2\/posts\/84739\/revisions"}],"wp:featuredmedia":[{"embeddable":true,"href":"https:\/\/www.locoxelrojo.com\/independiente\/wp-json\/wp\/v2\/media\/84740"}],"wp:attachment":[{"href":"https:\/\/www.locoxelrojo.com\/independiente\/wp-json\/wp\/v2\/media?parent=84739"}],"wp:term":[{"taxonomy":"category","embeddable":true,"href":"https:\/\/www.locoxelrojo.com\/independiente\/wp-json\/wp\/v2\/categories?post=84739"},{"taxonomy":"post_tag","embeddable":true,"href":"https:\/\/www.locoxelrojo.com\/independiente\/wp-json\/wp\/v2\/tags?post=84739"}],"curies":[{"name":"wp","href":"https:\/\/api.w.org\/{rel}","templated":true}]}}