{"id":84790,"date":"2019-09-02T23:36:08","date_gmt":"2019-09-03T02:36:08","guid":{"rendered":"http:\/\/www.locoxelrojo.com\/independiente\/?p=84790"},"modified":"2019-09-03T13:21:08","modified_gmt":"2019-09-03T16:21:08","slug":"campana-y-silva-llegaron-a-costa-rica","status":"publish","type":"post","link":"https:\/\/www.locoxelrojo.com\/independiente\/2019\/09\/02\/campana-y-silva-llegaron-a-costa-rica\/","title":{"rendered":"Campa\u00f1a y Silva llegaron a Costa Rica"},"content":{"rendered":"<p><strong>Mart\u00edn Campa\u00f1a y Gast\u00f3n Silva fueron convocados por \u00d3scar Washington Tab\u00e1rez para los amistosos que disputar\u00e1 la Selecci\u00f3n de Uruguay y ya se encuentran en Costa Rica con sus compa\u00f1eros.<\/strong><\/p>\n<p>El Maestro determin\u00f3 que ambos jugadores de Independiente deb\u00edan integrar la lista de buena fe para los partidos de la fecha FIFA de septiembre. <strong>Campa\u00f1a es un habitu\u00e9<\/strong>, como la segunda opci\u00f3n en el arco detr\u00e1s de Fernando Muslera. Por su parte, <strong>Silva hab\u00eda perdido terreno<\/strong> por sus bajos rendimientos, pero las crecientes participaciones que demostr\u00f3 en el \u00faltimo tiempo le valieron su segunda oportunidad.<\/p>\n<p><strong>El capit\u00e1n y el defensor del Rojo se encuentran en San Jos\u00e9 de Costa Rica<\/strong> a la espera del amistoso del pr\u00f3ximo viernes ante la Selecci\u00f3n local. Posteriormente viajar\u00e1n a Estados Unidos para enfrentarse al conjunto norteamericano el martes 10 de septiembre en San Luis, donde Silva tiene grandes posibilidades de sumar minutos.<\/p>\n","protected":false},"excerpt":{"rendered":"<p>Mart\u00edn Campa\u00f1a y Gast\u00f3n Silva fueron convocados por \u00d3scar Washington Tab\u00e1rez para los amistosos que disputar\u00e1 la Selecci\u00f3n de Uruguay y ya se encuentran en Costa Rica con sus compa\u00f1eros. El Maestro determin\u00f3 que ambos jugadores de Independiente deb\u00edan integrar la lista de buena fe para los partidos de la fecha FIFA de septiembre. Campa\u00f1a [&hellip;]<\/p>\n","protected":false},"author":25,"featured_media":84791,"comment_status":"open","ping_status":"closed","sticky":false,"template":"","format":"standard","meta":{"_links_to":"","_links_to_target":""},"categories":[3280,3247],"tags":[696,3557,3126,929],"_links":{"self":[{"href":"https:\/\/www.locoxelrojo.com\/independiente\/wp-json\/wp\/v2\/posts\/84790"}],"collection":[{"href":"https:\/\/www.locoxelrojo.com\/independiente\/wp-json\/wp\/v2\/posts"}],"about":[{"href":"https:\/\/www.locoxelrojo.com\/independiente\/wp-json\/wp\/v2\/types\/post"}],"author":[{"embeddable":true,"href":"https:\/\/www.locoxelrojo.com\/independiente\/wp-json\/wp\/v2\/users\/25"}],"replies":[{"embeddable":true,"href":"https:\/\/www.locoxelrojo.com\/independiente\/wp-json\/wp\/v2\/comments?post=84790"}],"version-history":[{"count":1,"href":"https:\/\/www.locoxelrojo.com\/independiente\/wp-json\/wp\/v2\/posts\/84790\/revisions"}],"predecessor-version":[{"id":84796,"href":"https:\/\/www.locoxelrojo.com\/independiente\/wp-json\/wp\/v2\/posts\/84790\/revisions\/84796"}],"wp:featuredmedia":[{"embeddable":true,"href":"https:\/\/www.locoxelrojo.com\/independiente\/wp-json\/wp\/v2\/media\/84791"}],"wp:attachment":[{"href":"https:\/\/www.locoxelrojo.com\/independiente\/wp-json\/wp\/v2\/media?parent=84790"}],"wp:term":[{"taxonomy":"category","embeddable":true,"href":"https:\/\/www.locoxelrojo.com\/independiente\/wp-json\/wp\/v2\/categories?post=84790"},{"taxonomy":"post_tag","embeddable":true,"href":"https:\/\/www.locoxelrojo.com\/independiente\/wp-json\/wp\/v2\/tags?post=84790"}],"curies":[{"name":"wp","href":"https:\/\/api.w.org\/{rel}","templated":true}]}}