{"id":84804,"date":"2019-09-04T16:04:52","date_gmt":"2019-09-04T19:04:52","guid":{"rendered":"http:\/\/www.locoxelrojo.com\/independiente\/?p=84804"},"modified":"2019-09-04T16:08:21","modified_gmt":"2019-09-04T19:08:21","slug":"fin-del-descanso","status":"publish","type":"post","link":"https:\/\/www.locoxelrojo.com\/independiente\/2019\/09\/04\/fin-del-descanso\/","title":{"rendered":"Fin del descanso"},"content":{"rendered":"<p><strong>El plantel de Independiente volvi\u00f3 a los trabajos en el predio de Villa Dom\u00ednico.<\/strong><\/p>\n<p>Tras <a href=\"https:\/\/www.locoxelrojo.com\/independiente\/2019\/09\/02\/libres-hasta-el-miercoles\/\">tres d\u00edas de descanso<\/a>, los dirigidos por Sebasti\u00e1n Beccacece pegaron la vuelta este mi\u00e9rcoles por la ma\u00f1ana en el Centro de Alto Rendimiento, <strong>ya enfocados en lo que ser\u00e1 el partido frente a Lan\u00fas, por la fecha 6 de la Superliga<\/strong>.<\/p>\n<p>Independiente debe revertir la p\u00e1lida imagen que dej\u00f3 hasta el momento y, en estas casi dos semanas sin f\u00fatbol, el t\u00e9cnico buscar\u00e1 solucionar los problemas que se vieron en los \u00faltimos encuentros.<\/p>\n<p>Luego de <strong>los trabajos f\u00edsicos, los jugadores realizaron ejercicios t\u00e1cticos defensivos, de precisi\u00f3n y posici\u00f3n y movimientos colectivos en ataque<\/strong>. Para este jueves, el equipo volver\u00e1 a entrenarse nuevamente por la ma\u00f1ana.<\/p>\n<p>Hay que recordad que <strong>Mart\u00edn Campa\u00f1a, Gast\u00f3n Silva y Nicol\u00e1s Figal se encuentran afectados a las Selecciones de Uruguay y Argentina<\/strong>, respectivamente.<\/p>\n","protected":false},"excerpt":{"rendered":"<p>El plantel de Independiente volvi\u00f3 a los trabajos en el predio de Villa Dom\u00ednico. Tras tres d\u00edas de descanso, los dirigidos por Sebasti\u00e1n Beccacece pegaron la vuelta este mi\u00e9rcoles por la ma\u00f1ana en el Centro de Alto Rendimiento, ya enfocados en lo que ser\u00e1 el partido frente a Lan\u00fas, por la fecha 6 de la [&hellip;]<\/p>\n","protected":false},"author":1,"featured_media":84805,"comment_status":"open","ping_status":"closed","sticky":false,"template":"","format":"standard","meta":{"_links_to":"","_links_to_target":""},"categories":[3247,3],"tags":[153,26,3532,172],"_links":{"self":[{"href":"https:\/\/www.locoxelrojo.com\/independiente\/wp-json\/wp\/v2\/posts\/84804"}],"collection":[{"href":"https:\/\/www.locoxelrojo.com\/independiente\/wp-json\/wp\/v2\/posts"}],"about":[{"href":"https:\/\/www.locoxelrojo.com\/independiente\/wp-json\/wp\/v2\/types\/post"}],"author":[{"embeddable":true,"href":"https:\/\/www.locoxelrojo.com\/independiente\/wp-json\/wp\/v2\/users\/1"}],"replies":[{"embeddable":true,"href":"https:\/\/www.locoxelrojo.com\/independiente\/wp-json\/wp\/v2\/comments?post=84804"}],"version-history":[{"count":0,"href":"https:\/\/www.locoxelrojo.com\/independiente\/wp-json\/wp\/v2\/posts\/84804\/revisions"}],"wp:featuredmedia":[{"embeddable":true,"href":"https:\/\/www.locoxelrojo.com\/independiente\/wp-json\/wp\/v2\/media\/84805"}],"wp:attachment":[{"href":"https:\/\/www.locoxelrojo.com\/independiente\/wp-json\/wp\/v2\/media?parent=84804"}],"wp:term":[{"taxonomy":"category","embeddable":true,"href":"https:\/\/www.locoxelrojo.com\/independiente\/wp-json\/wp\/v2\/categories?post=84804"},{"taxonomy":"post_tag","embeddable":true,"href":"https:\/\/www.locoxelrojo.com\/independiente\/wp-json\/wp\/v2\/tags?post=84804"}],"curies":[{"name":"wp","href":"https:\/\/api.w.org\/{rel}","templated":true}]}}