{"id":84806,"date":"2019-09-04T20:51:59","date_gmt":"2019-09-04T23:51:59","guid":{"rendered":"http:\/\/www.locoxelrojo.com\/independiente\/?p=84806"},"modified":"2019-09-04T21:56:54","modified_gmt":"2019-09-05T00:56:54","slug":"calendario-de-la-superliga-hasta-la-fecha-13","status":"publish","type":"post","link":"https:\/\/www.locoxelrojo.com\/independiente\/2019\/09\/04\/calendario-de-la-superliga-hasta-la-fecha-13\/","title":{"rendered":"Calendario de la Superliga hasta la fecha 13"},"content":{"rendered":"<p><strong>La organizaci\u00f3n de la Superliga Argentina dio a conocer los d\u00edas y horarios de las fechas 6 a 13.<\/strong><\/p>\n<p>Independiente ya tiene definido el calendario del torneo local hasta comienzos de noviembre, per\u00edodo en el que tendr\u00e1 cuatro partidos en Avellaneda, uno en Liniers y viajes a Tucum\u00e1n, Santa Fe y Mendoza. <strong>El pr\u00f3ximo compromiso ser\u00e1 el domingo 15 de septiembre a las 19:45 ante Lan\u00fas, en el Libertadores de Am\u00e9rica<\/strong>.<\/p>\n<p>El <strong>cl\u00e1sico de local ante San Lorenzo<\/strong> aparece como el encuentro m\u00e1s destacado para el Rojo en este primer semestre del campeonato. Fue programado para el <strong>domingo 3 de noviembre a las 20:00<\/strong>.<\/p>\n<p>Adem\u00e1s de las fechas 6 a 13, se defini\u00f3 el d\u00eda y la hora del <strong>duelo pendiente de la 2\u00ba jornada ante Newell&#8217;s<\/strong>. Finalmente se jugar\u00e1 el <strong>s\u00e1bado 14 de diciembre a las 19:10 en Avellaneda<\/strong>.<\/p>\n<h3>El calendario hasta la fecha 13<\/h3>\n<p><strong>6\u00ba fecha:<\/strong> vs. Lan\u00fas (L) &#8211; Domingo 15\/9 &#8211; 17:45<br \/>\n<strong>7\u00ba fecha:<\/strong> vs. Atl\u00e9tico Tucum\u00e1n\u00a0(V) &#8211; S\u00e1bado 21\/9 &#8211; 20:00<br \/>\n<strong>8\u00ba fecha:<\/strong> vs. Talleres\u00a0(L) &#8211; Domingo 29\/9 &#8211; 20:00<br \/>\n<strong>9\u00ba fecha:<\/strong> vs. V\u00e9lez\u00a0(V) &#8211; Domingo 6\/10 &#8211; 11:00<br \/>\n<strong>10\u00ba fecha:<\/strong> vs. Argentinos Juniors\u00a0(L) &#8211; Lunes 21\/10 &#8211; 21:10<br \/>\n<strong>11\u00ba fecha:<\/strong> vs. Uni\u00f3n\u00a0(V) &#8211; Mi\u00e9rcoles 30\/10 &#8211; 19:10<br \/>\n<strong>12\u00ba fecha:<\/strong> vs. San Lorenzo\u00a0(L) &#8211; Domingo 3\/11 &#8211; 20:00<br \/>\n<strong>13\u00ba fecha:<\/strong> vs. Godoy Cruz\u00a0(V) &#8211; S\u00e1bado 9\/11 &#8211; 20:00<br \/>\n<strong>2\u00ba fecha:<\/strong> vs. Newell&#8217;s\u00a0(L) &#8211; S\u00e1bado 14\/12 &#8211; 19:10<\/p>\n","protected":false},"excerpt":{"rendered":"<p>La organizaci\u00f3n de la Superliga Argentina dio a conocer los d\u00edas y horarios de las fechas 6 a 13. Independiente ya tiene definido el calendario del torneo local hasta comienzos de noviembre, per\u00edodo en el que tendr\u00e1 cuatro partidos en Avellaneda, uno en Liniers y viajes a Tucum\u00e1n, Santa Fe y Mendoza. El pr\u00f3ximo compromiso [&hellip;]<\/p>\n","protected":false},"author":8,"featured_media":84367,"comment_status":"open","ping_status":"closed","sticky":false,"template":"","format":"standard","meta":{"_links_to":"","_links_to_target":""},"categories":[3280,3247],"tags":[153,4195],"_links":{"self":[{"href":"https:\/\/www.locoxelrojo.com\/independiente\/wp-json\/wp\/v2\/posts\/84806"}],"collection":[{"href":"https:\/\/www.locoxelrojo.com\/independiente\/wp-json\/wp\/v2\/posts"}],"about":[{"href":"https:\/\/www.locoxelrojo.com\/independiente\/wp-json\/wp\/v2\/types\/post"}],"author":[{"embeddable":true,"href":"https:\/\/www.locoxelrojo.com\/independiente\/wp-json\/wp\/v2\/users\/8"}],"replies":[{"embeddable":true,"href":"https:\/\/www.locoxelrojo.com\/independiente\/wp-json\/wp\/v2\/comments?post=84806"}],"version-history":[{"count":0,"href":"https:\/\/www.locoxelrojo.com\/independiente\/wp-json\/wp\/v2\/posts\/84806\/revisions"}],"wp:featuredmedia":[{"embeddable":true,"href":"https:\/\/www.locoxelrojo.com\/independiente\/wp-json\/wp\/v2\/media\/84367"}],"wp:attachment":[{"href":"https:\/\/www.locoxelrojo.com\/independiente\/wp-json\/wp\/v2\/media?parent=84806"}],"wp:term":[{"taxonomy":"category","embeddable":true,"href":"https:\/\/www.locoxelrojo.com\/independiente\/wp-json\/wp\/v2\/categories?post=84806"},{"taxonomy":"post_tag","embeddable":true,"href":"https:\/\/www.locoxelrojo.com\/independiente\/wp-json\/wp\/v2\/tags?post=84806"}],"curies":[{"name":"wp","href":"https:\/\/api.w.org\/{rel}","templated":true}]}}