{"id":84869,"date":"2019-09-10T23:02:51","date_gmt":"2019-09-11T02:02:51","guid":{"rendered":"http:\/\/www.locoxelrojo.com\/independiente\/?p=84869"},"modified":"2019-09-11T01:55:04","modified_gmt":"2019-09-11T04:55:04","slug":"campana-y-silva-vuelven-sin-minutos","status":"publish","type":"post","link":"https:\/\/www.locoxelrojo.com\/independiente\/2019\/09\/10\/campana-y-silva-vuelven-sin-minutos\/","title":{"rendered":"Campa\u00f1a y Silva vuelven sin minutos"},"content":{"rendered":"<p><strong>Mart\u00edn Campa\u00f1a y Gast\u00f3n Silva no participaron del empate 1-1 entre la Selecci\u00f3n de Uruguay y Estados Unidos.<\/strong><\/p>\n<p>Despu\u00e9s de haber visto desde el banco el primer amistoso ante Costa Rica,<strong> el capit\u00e1n y el defensor de Independiente volvieron a ser suplentes y no ingresaron<\/strong> en el segundo partido contra los norteamericanos en San Luis.<\/p>\n<p>De esta manera, <strong>terminaron la doble fecha FIFA sin sumar minutos de juego<\/strong>. En las pr\u00f3ximas horas regresar\u00e1n a Argentina y se sumar\u00e1n a los entrenamientos del Rojo de cara al duelo con Lan\u00fas.<\/p>\n","protected":false},"excerpt":{"rendered":"<p>Mart\u00edn Campa\u00f1a y Gast\u00f3n Silva no participaron del empate 1-1 entre la Selecci\u00f3n de Uruguay y Estados Unidos. Despu\u00e9s de haber visto desde el banco el primer amistoso ante Costa Rica, el capit\u00e1n y el defensor de Independiente volvieron a ser suplentes y no ingresaron en el segundo partido contra los norteamericanos en San Luis. [&hellip;]<\/p>\n","protected":false},"author":8,"featured_media":84870,"comment_status":"open","ping_status":"closed","sticky":false,"template":"","format":"standard","meta":{"_links_to":"","_links_to_target":""},"categories":[3280,3247],"tags":[3557,3126,4167,929],"_links":{"self":[{"href":"https:\/\/www.locoxelrojo.com\/independiente\/wp-json\/wp\/v2\/posts\/84869"}],"collection":[{"href":"https:\/\/www.locoxelrojo.com\/independiente\/wp-json\/wp\/v2\/posts"}],"about":[{"href":"https:\/\/www.locoxelrojo.com\/independiente\/wp-json\/wp\/v2\/types\/post"}],"author":[{"embeddable":true,"href":"https:\/\/www.locoxelrojo.com\/independiente\/wp-json\/wp\/v2\/users\/8"}],"replies":[{"embeddable":true,"href":"https:\/\/www.locoxelrojo.com\/independiente\/wp-json\/wp\/v2\/comments?post=84869"}],"version-history":[{"count":0,"href":"https:\/\/www.locoxelrojo.com\/independiente\/wp-json\/wp\/v2\/posts\/84869\/revisions"}],"wp:featuredmedia":[{"embeddable":true,"href":"https:\/\/www.locoxelrojo.com\/independiente\/wp-json\/wp\/v2\/media\/84870"}],"wp:attachment":[{"href":"https:\/\/www.locoxelrojo.com\/independiente\/wp-json\/wp\/v2\/media?parent=84869"}],"wp:term":[{"taxonomy":"category","embeddable":true,"href":"https:\/\/www.locoxelrojo.com\/independiente\/wp-json\/wp\/v2\/categories?post=84869"},{"taxonomy":"post_tag","embeddable":true,"href":"https:\/\/www.locoxelrojo.com\/independiente\/wp-json\/wp\/v2\/tags?post=84869"}],"curies":[{"name":"wp","href":"https:\/\/api.w.org\/{rel}","templated":true}]}}