{"id":84904,"date":"2019-09-12T22:10:01","date_gmt":"2019-09-13T01:10:01","guid":{"rendered":"http:\/\/www.locoxelrojo.com\/independiente\/?p=84904"},"modified":"2019-09-12T22:25:32","modified_gmt":"2019-09-13T01:25:32","slug":"venta-de-plateas-vs-lanus","status":"publish","type":"post","link":"https:\/\/www.locoxelrojo.com\/independiente\/2019\/09\/12\/venta-de-plateas-vs-lanus\/","title":{"rendered":"Venta de plateas vs. Lan\u00fas"},"content":{"rendered":"<p><b>Este viernes comenzar\u00e1 la venta de plateas para el partido ante Lan\u00fas de la 6\u00aa fecha de la Superliga<\/b><strong>.\u00a0<\/strong><\/p>\n<p>En primera instancia, las entradas se conseguir\u00e1n este\u00a0<strong>viernes\u00a0<\/strong><strong>de 11 a 19 hs. en las Sedes de Avellaneda <\/strong>(Mitre 470)<strong> y Capital Federal <\/strong>(Boyac\u00e1 470). Ese d\u00eda s\u00f3lo podr\u00e1n comprarlas los\u00a0<strong>socios de Independiente con carnet y cuota al d\u00eda <\/strong>(agosto).<\/p>\n<p>La\u00a0<strong>venta para todo p\u00fablico<\/strong>\u00a0(socios e invitados)\u00a0ser\u00e1 el\u00a0<strong>s\u00e1bado de 11 a 18 hs. en ambas sedes<\/strong> y continuar\u00e1 el <strong>domingo desde las 14:00\u00a0<\/strong>en las boleter\u00edas del <strong>Complejo de Tenis <\/strong>(Alsina 1050) y de<strong> Col\u00f3n esquina Alsina<\/strong>.<\/p>\n<h3>Precios<\/h3>\n<p><strong>Platea Norte Alta:<\/strong>\u00a0Socios $300 \/ Invitados $750<\/p>\n<p><strong>Platea Bochini Alta:<\/strong>\u00a0Socios $600 \/ Invitados $1.100<\/p>\n<p><strong>Platea Bochini Baja:<\/strong>\u00a0Socios $800 \/ Invitados $1.300<\/p>\n<p><strong>Platea Erico Alta:<\/strong>\u00a0Socios $600 \/ Invitados $1.100<\/p>\n<p><strong>Platea Erico Baja:<\/strong>\u00a0Socios $900 \/ Invitados $1.400<\/p>\n<p><strong>Gargantas 1 y 2:<\/strong>\u00a0Socios $900 \/ Invitados $1.400<\/p>\n<p><strong>Gargantas 3 y 4:<\/strong>\u00a0Socios $800 \/ Invitados $1.300<\/p>\n<p><strong>Palco Oficial:<\/strong>\u00a0Socios $1.400 \/ Invitados $1.900<\/p>\n<p><strong>Estacionamiento Club de Pato:<\/strong> Socios $350 \/ Invitados $350<\/p>\n","protected":false},"excerpt":{"rendered":"<p>Este viernes comenzar\u00e1 la venta de plateas para el partido ante Lan\u00fas de la 6\u00aa fecha de la Superliga.\u00a0 En primera instancia, las entradas se conseguir\u00e1n este\u00a0viernes\u00a0de 11 a 19 hs. en las Sedes de Avellaneda (Mitre 470) y Capital Federal (Boyac\u00e1 470). Ese d\u00eda s\u00f3lo podr\u00e1n comprarlas los\u00a0socios de Independiente con carnet y cuota [&hellip;]<\/p>\n","protected":false},"author":8,"featured_media":77325,"comment_status":"open","ping_status":"closed","sticky":false,"template":"","format":"standard","meta":{"_links_to":"","_links_to_target":""},"categories":[3247,19],"tags":[153,326,4195,20,2357],"_links":{"self":[{"href":"https:\/\/www.locoxelrojo.com\/independiente\/wp-json\/wp\/v2\/posts\/84904"}],"collection":[{"href":"https:\/\/www.locoxelrojo.com\/independiente\/wp-json\/wp\/v2\/posts"}],"about":[{"href":"https:\/\/www.locoxelrojo.com\/independiente\/wp-json\/wp\/v2\/types\/post"}],"author":[{"embeddable":true,"href":"https:\/\/www.locoxelrojo.com\/independiente\/wp-json\/wp\/v2\/users\/8"}],"replies":[{"embeddable":true,"href":"https:\/\/www.locoxelrojo.com\/independiente\/wp-json\/wp\/v2\/comments?post=84904"}],"version-history":[{"count":1,"href":"https:\/\/www.locoxelrojo.com\/independiente\/wp-json\/wp\/v2\/posts\/84904\/revisions"}],"predecessor-version":[{"id":84905,"href":"https:\/\/www.locoxelrojo.com\/independiente\/wp-json\/wp\/v2\/posts\/84904\/revisions\/84905"}],"wp:featuredmedia":[{"embeddable":true,"href":"https:\/\/www.locoxelrojo.com\/independiente\/wp-json\/wp\/v2\/media\/77325"}],"wp:attachment":[{"href":"https:\/\/www.locoxelrojo.com\/independiente\/wp-json\/wp\/v2\/media?parent=84904"}],"wp:term":[{"taxonomy":"category","embeddable":true,"href":"https:\/\/www.locoxelrojo.com\/independiente\/wp-json\/wp\/v2\/categories?post=84904"},{"taxonomy":"post_tag","embeddable":true,"href":"https:\/\/www.locoxelrojo.com\/independiente\/wp-json\/wp\/v2\/tags?post=84904"}],"curies":[{"name":"wp","href":"https:\/\/api.w.org\/{rel}","templated":true}]}}