{"id":84917,"date":"2019-09-13T15:20:30","date_gmt":"2019-09-13T18:20:30","guid":{"rendered":"http:\/\/www.locoxelrojo.com\/independiente\/?p=84917"},"modified":"2019-09-14T05:51:15","modified_gmt":"2019-09-14T08:51:15","slug":"afuera-chavez-por-lesion","status":"publish","type":"post","link":"https:\/\/www.locoxelrojo.com\/independiente\/2019\/09\/13\/afuera-chavez-por-lesion\/","title":{"rendered":"Afuera Ch\u00e1vez por lesi\u00f3n"},"content":{"rendered":"<p><strong>Independiente se entren\u00f3 por la ma\u00f1ana de este viernes en el Predio de Villa Dom\u00ednico y Sebast\u00edan Beccacece recibi\u00f3 una mala noticia<\/strong>.<\/p>\n<p>Se trata de la lesi\u00f3n que sufri\u00f3 <strong>Cristian Ch\u00e1vez<\/strong>, quien luego de realizarse estudios m\u00e9dicos, los mismos arrojaron que el delantero <strong>padece un edema en el b\u00edceps femoral izquierdo<\/strong>. El DT de Independiente no lo tendr\u00e1 a disposici\u00f3n para el encuentro del pr\u00f3ximo domingo.<\/p>\n<p><strong>El resto del equipo<\/strong> -a excepci\u00f3n de Gast\u00f3n Togni y Pablo Hern\u00e1ndez, quienes se entrenaron aparte-, <strong>realiz\u00f3 ejercicios en el gimnasio, movimientos con pelota en espacios reducidos, trabajos t\u00e1cticos y tareas de pelota parada y definici\u00f3n<\/strong>.<\/p>\n<p>El plantel tendr\u00e1 su \u00faltimo entrenamiento previo al partido frente a Lan\u00fas este s\u00e1bado por la ma\u00f1ana en el Centro de Alto Rendimiento y luego quedar\u00e1 concentrado.<\/p>\n","protected":false},"excerpt":{"rendered":"<p>Independiente se entren\u00f3 por la ma\u00f1ana de este viernes en el Predio de Villa Dom\u00ednico y Sebast\u00edan Beccacece recibi\u00f3 una mala noticia. Se trata de la lesi\u00f3n que sufri\u00f3 Cristian Ch\u00e1vez, quien luego de realizarse estudios m\u00e9dicos, los mismos arrojaron que el delantero padece un edema en el b\u00edceps femoral izquierdo. El DT de Independiente [&hellip;]<\/p>\n","protected":false},"author":101014,"featured_media":84443,"comment_status":"open","ping_status":"closed","sticky":false,"template":"","format":"standard","meta":{"_links_to":"","_links_to_target":""},"categories":[3247,3],"tags":[153,4313,26,3166,2106],"_links":{"self":[{"href":"https:\/\/www.locoxelrojo.com\/independiente\/wp-json\/wp\/v2\/posts\/84917"}],"collection":[{"href":"https:\/\/www.locoxelrojo.com\/independiente\/wp-json\/wp\/v2\/posts"}],"about":[{"href":"https:\/\/www.locoxelrojo.com\/independiente\/wp-json\/wp\/v2\/types\/post"}],"author":[{"embeddable":true,"href":"https:\/\/www.locoxelrojo.com\/independiente\/wp-json\/wp\/v2\/users\/101014"}],"replies":[{"embeddable":true,"href":"https:\/\/www.locoxelrojo.com\/independiente\/wp-json\/wp\/v2\/comments?post=84917"}],"version-history":[{"count":0,"href":"https:\/\/www.locoxelrojo.com\/independiente\/wp-json\/wp\/v2\/posts\/84917\/revisions"}],"wp:featuredmedia":[{"embeddable":true,"href":"https:\/\/www.locoxelrojo.com\/independiente\/wp-json\/wp\/v2\/media\/84443"}],"wp:attachment":[{"href":"https:\/\/www.locoxelrojo.com\/independiente\/wp-json\/wp\/v2\/media?parent=84917"}],"wp:term":[{"taxonomy":"category","embeddable":true,"href":"https:\/\/www.locoxelrojo.com\/independiente\/wp-json\/wp\/v2\/categories?post=84917"},{"taxonomy":"post_tag","embeddable":true,"href":"https:\/\/www.locoxelrojo.com\/independiente\/wp-json\/wp\/v2\/tags?post=84917"}],"curies":[{"name":"wp","href":"https:\/\/api.w.org\/{rel}","templated":true}]}}