{"id":84920,"date":"2019-09-13T07:20:14","date_gmt":"2019-09-13T10:20:14","guid":{"rendered":"http:\/\/www.locoxelrojo.com\/independiente\/?p=84920"},"modified":"2019-09-13T21:21:25","modified_gmt":"2019-09-14T00:21:25","slug":"tinta-roja-presento-el-concurso-literario","status":"publish","type":"post","link":"https:\/\/www.locoxelrojo.com\/independiente\/2019\/09\/13\/tinta-roja-presento-el-concurso-literario\/","title":{"rendered":"Tinta Roja present\u00f3 el concurso literario"},"content":{"rendered":"<p><strong>Este viernes se present\u00f3 el concurso literario para chicos y chicas de Independiente, que consiste en contar una historia en el Libertadores de Am\u00e9rica.<\/strong><\/p>\n<p>Los miembros del colectivo de periodistas y escritores del Rojo <strong>&#8220;Tinta Roja&#8221;<\/strong> brindaron una charla en el Centro Educativo del club, organizada por la Secretar\u00eda de Educaci\u00f3n y Cultura y la Subcomisi\u00f3n de Eventos.<\/p>\n<p>En la charla se present\u00f3 a los y las estudiantes el <strong>concurso literario que lanz\u00f3 el club, para incentivar la participaci\u00f3n y el acercamiento a la literatura<\/strong> a trav\u00e9s de referentes identificados con Independiente. El mismo consiste en\u00a0escribir un texto libre siguiendo la consigna <strong>&#8220;Una historia en el Libertadores de Am\u00e9rica&#8221;<\/strong>. Podr\u00e1n participar <strong>chicos y chicas de hasta 16 a\u00f1os<\/strong>.<\/p>\n<p>Adem\u00e1s de los miembros de Tinta Roja, en la charla particip\u00f3 tambi\u00e9n el secretario de Educaci\u00f3n y Cultura del club, <strong>N\u00e9stor Benjam\u00edn<\/strong>, y autoridades del colegio primario y secundario del Centro Educativo.<\/p>\n<p>Si quer\u00e9s saber m\u00e1s sobre el concurso, hac\u00e9 <strong><a href=\"http:\/\/clubaindependiente.com\/cultura\/noticias\/1566942882_tinta-roja---concurso-literario\">Click Ac\u00e1<\/a><\/strong>.<\/p>\n<p><a href=\"https:\/\/www.locoxelrojo.com\/independiente\/2019\/09\/13\/tinta-roja-presento-el-concurso-literario\/tinta-roja-centro-educativo\/\" rel=\"attachment wp-att-84922\"><img loading=\"lazy\" class=\"alignnone size-large wp-image-84922\" src=\"https:\/\/www.locoxelrojo.com\/independiente\/wp-content\/uploads\/2019\/09\/Tinta-Roja-Centro-Educativo-1024x578.jpeg\" alt=\"\" width=\"696\" height=\"393\" srcset=\"https:\/\/locoxelrojo.com\/independiente\/wp-content\/uploads\/2019\/09\/Tinta-Roja-Centro-Educativo-1024x578.jpeg 1024w, https:\/\/locoxelrojo.com\/independiente\/wp-content\/uploads\/2019\/09\/Tinta-Roja-Centro-Educativo-300x169.jpeg 300w, https:\/\/locoxelrojo.com\/independiente\/wp-content\/uploads\/2019\/09\/Tinta-Roja-Centro-Educativo-768x433.jpeg 768w, https:\/\/locoxelrojo.com\/independiente\/wp-content\/uploads\/2019\/09\/Tinta-Roja-Centro-Educativo-696x393.jpeg 696w, https:\/\/locoxelrojo.com\/independiente\/wp-content\/uploads\/2019\/09\/Tinta-Roja-Centro-Educativo-1068x602.jpeg 1068w, https:\/\/locoxelrojo.com\/independiente\/wp-content\/uploads\/2019\/09\/Tinta-Roja-Centro-Educativo-745x420.jpeg 745w, https:\/\/locoxelrojo.com\/independiente\/wp-content\/uploads\/2019\/09\/Tinta-Roja-Centro-Educativo-128x72.jpeg 128w, https:\/\/locoxelrojo.com\/independiente\/wp-content\/uploads\/2019\/09\/Tinta-Roja-Centro-Educativo-32x18.jpeg 32w, https:\/\/locoxelrojo.com\/independiente\/wp-content\/uploads\/2019\/09\/Tinta-Roja-Centro-Educativo.jpeg 1280w\" sizes=\"(max-width: 696px) 100vw, 696px\" \/><\/a><\/p>\n<p><a href=\"https:\/\/www.locoxelrojo.com\/independiente\/2019\/09\/13\/tinta-roja-presento-el-concurso-literario\/tinta-roja-cai-1\/\" rel=\"attachment wp-att-84923\"><img loading=\"lazy\" class=\"alignnone size-full wp-image-84923\" src=\"https:\/\/www.locoxelrojo.com\/independiente\/wp-content\/uploads\/2019\/09\/Tinta-Roja-CAI-1.jpeg\" alt=\"\" width=\"720\" height=\"722\" srcset=\"https:\/\/locoxelrojo.com\/independiente\/wp-content\/uploads\/2019\/09\/Tinta-Roja-CAI-1.jpeg 720w, https:\/\/locoxelrojo.com\/independiente\/wp-content\/uploads\/2019\/09\/Tinta-Roja-CAI-1-150x150.jpeg 150w, https:\/\/locoxelrojo.com\/independiente\/wp-content\/uploads\/2019\/09\/Tinta-Roja-CAI-1-300x300.jpeg 300w, https:\/\/locoxelrojo.com\/independiente\/wp-content\/uploads\/2019\/09\/Tinta-Roja-CAI-1-696x698.jpeg 696w, https:\/\/locoxelrojo.com\/independiente\/wp-content\/uploads\/2019\/09\/Tinta-Roja-CAI-1-419x420.jpeg 419w, https:\/\/locoxelrojo.com\/independiente\/wp-content\/uploads\/2019\/09\/Tinta-Roja-CAI-1-128x128.jpeg 128w, https:\/\/locoxelrojo.com\/independiente\/wp-content\/uploads\/2019\/09\/Tinta-Roja-CAI-1-32x32.jpeg 32w\" sizes=\"(max-width: 720px) 100vw, 720px\" \/><\/a><\/p>\n","protected":false},"excerpt":{"rendered":"<p>Este viernes se present\u00f3 el concurso literario para chicos y chicas de Independiente, que consiste en contar una historia en el Libertadores de Am\u00e9rica. Los miembros del colectivo de periodistas y escritores del Rojo &#8220;Tinta Roja&#8221; brindaron una charla en el Centro Educativo del club, organizada por la Secretar\u00eda de Educaci\u00f3n y Cultura y la [&hellip;]<\/p>\n","protected":false},"author":8,"featured_media":84921,"comment_status":"open","ping_status":"closed","sticky":false,"template":"","format":"standard","meta":{"_links_to":"","_links_to_target":""},"categories":[3247,4],"tags":[153,4028],"_links":{"self":[{"href":"https:\/\/www.locoxelrojo.com\/independiente\/wp-json\/wp\/v2\/posts\/84920"}],"collection":[{"href":"https:\/\/www.locoxelrojo.com\/independiente\/wp-json\/wp\/v2\/posts"}],"about":[{"href":"https:\/\/www.locoxelrojo.com\/independiente\/wp-json\/wp\/v2\/types\/post"}],"author":[{"embeddable":true,"href":"https:\/\/www.locoxelrojo.com\/independiente\/wp-json\/wp\/v2\/users\/8"}],"replies":[{"embeddable":true,"href":"https:\/\/www.locoxelrojo.com\/independiente\/wp-json\/wp\/v2\/comments?post=84920"}],"version-history":[{"count":0,"href":"https:\/\/www.locoxelrojo.com\/independiente\/wp-json\/wp\/v2\/posts\/84920\/revisions"}],"wp:featuredmedia":[{"embeddable":true,"href":"https:\/\/www.locoxelrojo.com\/independiente\/wp-json\/wp\/v2\/media\/84921"}],"wp:attachment":[{"href":"https:\/\/www.locoxelrojo.com\/independiente\/wp-json\/wp\/v2\/media?parent=84920"}],"wp:term":[{"taxonomy":"category","embeddable":true,"href":"https:\/\/www.locoxelrojo.com\/independiente\/wp-json\/wp\/v2\/categories?post=84920"},{"taxonomy":"post_tag","embeddable":true,"href":"https:\/\/www.locoxelrojo.com\/independiente\/wp-json\/wp\/v2\/tags?post=84920"}],"curies":[{"name":"wp","href":"https:\/\/api.w.org\/{rel}","templated":true}]}}