{"id":85099,"date":"2019-09-24T10:00:44","date_gmt":"2019-09-24T13:00:44","guid":{"rendered":"http:\/\/www.locoxelrojo.com\/independiente\/?p=85099"},"modified":"2019-09-24T15:23:17","modified_gmt":"2019-09-24T18:23:17","slug":"prestados-rojos-menendez-amargo-al-diego","status":"publish","type":"post","link":"https:\/\/www.locoxelrojo.com\/independiente\/2019\/09\/24\/prestados-rojos-menendez-amargo-al-diego\/","title":{"rendered":"Prestados Rojos: Men\u00e9ndez amarg\u00f3 al Diego"},"content":{"rendered":"<p>En un gran partido desde lo individual, <strong>Jonathan Men\u00e9ndez anot\u00f3 el 1-0 parcial de Talleres en la victoria 2-1 sobre Gimnasia La Plata. Es su tercer gol en esta Superliga y siempre que anot\u00f3, su equipo gan\u00f3<\/strong>.<\/p>\n<p><strong>A los 11\u2019 minutos de la primera etapa, el Mellizo empuj\u00f3 a la red el bal\u00f3n tras la asistencia de Franco Fragapane<\/strong>. Luego empat\u00f3 Manuel Guanini y lo defini\u00f3 Dayro Moreno con un penal pol\u00e9mico para la T. <strong>Men\u00e9ndez ya le hab\u00eda anotado a V\u00e9lez y a Aldosivi (siempre de local) en sendas victorias de Talleres<\/strong>. Ante el Lobo de Maradona, el conjunto cordob\u00e9s logr\u00f3 su cuarto triunfo consecutivo por Superliga y alcanz\u00f3 los 16 puntos, uno menos que el l\u00edder Boca.<\/p>\n<blockquote class=\"twitter-tweet\">\n<p dir=\"ltr\" lang=\"es\"><a href=\"https:\/\/twitter.com\/hashtag\/TNTSports?src=hash&amp;ref_src=twsrc%5Etfw\">#TNTSports<\/a> | \u00a1Peg\u00f3 la T! El Lobo perdi\u00f3 la pelota en campo propio y Men\u00e9ndez abri\u00f3 el marcador para los cordobeses.<br \/>\n<a href=\"https:\/\/twitter.com\/hashtag\/Talleres?src=hash&amp;ref_src=twsrc%5Etfw\">#Talleres<\/a> &#x1f19a; <a href=\"https:\/\/twitter.com\/hashtag\/Gimnasia?src=hash&amp;ref_src=twsrc%5Etfw\">#Gimnasia<\/a> <a href=\"https:\/\/t.co\/D0qOguiLp6\">pic.twitter.com\/D0qOguiLp6<\/a><\/p>\n<p>\u2014 TNT Sports LA (@TNTSportsLA) <a href=\"https:\/\/twitter.com\/TNTSportsLA\/status\/1176291263995400192?ref_src=twsrc%5Etfw\">September 24, 2019<\/a><\/p><\/blockquote>\n<p><script async src=\"https:\/\/platform.twitter.com\/widgets.js\" charset=\"utf-8\"><\/script><\/p>\n<p>Tambi\u00e9n en Primera Divisi\u00f3n, <strong>Lucas Albertengo jug\u00f3 desde el inicio para Newell\u2019s, en el triunfo 2-0 ante Aldosivi<\/strong>. En el mismo encuentro, <strong>Gonzalo Ver\u00f3n fue titular en el Tibur\u00f3n<\/strong>. Por otra parte, <strong>Leandro Fern\u00e1ndez no sum\u00f3 minutos en la victoria de V\u00e9lez ante River 2-1<\/strong>.<\/p>\n<p>Los tres Prestados Rojos en el \u00e1mbito internacional fueron titulares: <strong>Braian Romero (Athl\u00e9tico Paranaense) en el empate 1-1 ante Vasco da Gama<\/strong>; <strong>Fernando Gaibor (Al Wasl) en la igualdad 0-0 versus AL-Nasr<\/strong>; <strong>y Francisco Delorenzi (Deportivo Cali) en la victoria 4-1 frente a C\u00facuta Deportivo<\/strong>.<\/p>\n<p>Por \u00faltimo, los cedidos en el ascenso local que vieron acci\u00f3n fueron: <strong>El\u00edas Contreras<\/strong> (Brown de Adrogu\u00e9), <strong>Nicol\u00e1s Del Priore<\/strong> (Villa D\u00e1lmine), <strong>Ezequiel Denis<\/strong> (Almagro), <strong>Gonzalo Asis y Nicol\u00e1s Messiniti<\/strong> (ambos en Temperley). <strong>Robertino Giacomini<\/strong> (Alvarado) y <strong>Mauricio Del Castillo<\/strong> (Trist\u00e1n Su\u00e1rez) no jugaron para sus equipos.<\/p>\n","protected":false},"excerpt":{"rendered":"<p>En un gran partido desde lo individual, Jonathan Men\u00e9ndez anot\u00f3 el 1-0 parcial de Talleres en la victoria 2-1 sobre Gimnasia La Plata. Es su tercer gol en esta Superliga y siempre que anot\u00f3, su equipo gan\u00f3. A los 11\u2019 minutos de la primera etapa, el Mellizo empuj\u00f3 a la red el bal\u00f3n tras la [&hellip;]<\/p>\n","protected":false},"author":101016,"featured_media":85100,"comment_status":"open","ping_status":"closed","sticky":false,"template":"","format":"standard","meta":{"_links_to":"","_links_to_target":""},"categories":[3297,3247],"tags":[3729,153,3416,2874,3747,4106,3374,3757,3751,2921,2839,174,3431,3109,3298,3399,2624],"_links":{"self":[{"href":"https:\/\/www.locoxelrojo.com\/independiente\/wp-json\/wp\/v2\/posts\/85099"}],"collection":[{"href":"https:\/\/www.locoxelrojo.com\/independiente\/wp-json\/wp\/v2\/posts"}],"about":[{"href":"https:\/\/www.locoxelrojo.com\/independiente\/wp-json\/wp\/v2\/types\/post"}],"author":[{"embeddable":true,"href":"https:\/\/www.locoxelrojo.com\/independiente\/wp-json\/wp\/v2\/users\/101016"}],"replies":[{"embeddable":true,"href":"https:\/\/www.locoxelrojo.com\/independiente\/wp-json\/wp\/v2\/comments?post=85099"}],"version-history":[{"count":0,"href":"https:\/\/www.locoxelrojo.com\/independiente\/wp-json\/wp\/v2\/posts\/85099\/revisions"}],"wp:featuredmedia":[{"embeddable":true,"href":"https:\/\/www.locoxelrojo.com\/independiente\/wp-json\/wp\/v2\/media\/85100"}],"wp:attachment":[{"href":"https:\/\/www.locoxelrojo.com\/independiente\/wp-json\/wp\/v2\/media?parent=85099"}],"wp:term":[{"taxonomy":"category","embeddable":true,"href":"https:\/\/www.locoxelrojo.com\/independiente\/wp-json\/wp\/v2\/categories?post=85099"},{"taxonomy":"post_tag","embeddable":true,"href":"https:\/\/www.locoxelrojo.com\/independiente\/wp-json\/wp\/v2\/tags?post=85099"}],"curies":[{"name":"wp","href":"https:\/\/api.w.org\/{rel}","templated":true}]}}