{"id":85180,"date":"2019-09-28T13:00:02","date_gmt":"2019-09-28T16:00:02","guid":{"rendered":"http:\/\/www.locoxelrojo.com\/independiente\/?p=85180"},"modified":"2019-09-28T13:00:33","modified_gmt":"2019-09-28T16:00:33","slug":"concentrados-vs-talleres-vuelve-pablo-perez","status":"publish","type":"post","link":"https:\/\/www.locoxelrojo.com\/independiente\/2019\/09\/28\/concentrados-vs-talleres-vuelve-pablo-perez\/","title":{"rendered":"Concentrados vs Talleres: vuelve Pablo P\u00e9rez"},"content":{"rendered":"<p><strong>Sebasti\u00e1n Beccacece<\/strong> confirm\u00f3 la lista de <strong>20 jugadores concentrados<\/strong> para el partido ante Talleres de C\u00f3rdoba, por la octava fecha de la Superliga argentina de f\u00fatbol.<\/p>\n<p><strong>La novedad en la n\u00f3mina es el regreso de Pablo P\u00e9rez al equipo<\/strong>, tras no jugar los \u00faltimos dos partidos por problemas disciplinarios. <strong>Otro que regresa es Francisco Pizzini<\/strong>, <strong>mientras que Alan Franco<\/strong>, quien hab\u00eda sufrido un golpe contra Defensa y Justicia, <strong>estar\u00e1 disponible para jugar<\/strong>.<\/p>\n<p><strong>Otra es la situaci\u00f3n de Nicol\u00e1s Domingo y Cristian Ch\u00e1vez<\/strong>. Ambos no aparecen en la lista hace tres partidos consecutivos.<\/p>\n<p><span style=\"text-decoration: underline;\"><strong>Los 20 convocados:<\/strong><\/span><\/p>\n<p><span style=\"text-decoration: underline;\"><strong>Arqueros<\/strong>:<\/span> Mart\u00edn Campa\u00f1a, Milton \u00c1lvarez.<\/p>\n<p><span style=\"text-decoration: underline;\"><strong>Defensores<\/strong>:<\/span> Alan Franco, Nicol\u00e1s Figal, Juan S\u00e1nchez Mi\u00f1o, Fabricio Bustos, Gast\u00f3n Silva, Alexander Barboza.<\/p>\n<p><span style=\"text-decoration: underline;\"><strong>Mediocampistas<\/strong>:<\/span> Andr\u00e9s Roa, Pablo P\u00e9rez, Alan So\u00f1ora, Carlos Benavidez, Lucas Romero, Domingo Blanco.<\/p>\n<p><span style=\"text-decoration: underline;\"><strong>Delanteros<\/strong>:<\/span> Alan Velasco, Mart\u00edn Ben\u00edtez, Cecilio Dom\u00ednguez, Silvio Romero, Francisco Pizzini, Sebasti\u00e1n Palacios.<\/p>\n","protected":false},"excerpt":{"rendered":"<p>Sebasti\u00e1n Beccacece confirm\u00f3 la lista de 20 jugadores concentrados para el partido ante Talleres de C\u00f3rdoba, por la octava fecha de la Superliga argentina de f\u00fatbol. La novedad en la n\u00f3mina es el regreso de Pablo P\u00e9rez al equipo, tras no jugar los \u00faltimos dos partidos por problemas disciplinarios. Otro que regresa es Francisco Pizzini, [&hellip;]<\/p>\n","protected":false},"author":101015,"featured_media":84619,"comment_status":"open","ping_status":"closed","sticky":false,"template":"","format":"standard","meta":{"_links_to":"","_links_to_target":""},"categories":[3247,3],"tags":[153,1518,529],"_links":{"self":[{"href":"https:\/\/www.locoxelrojo.com\/independiente\/wp-json\/wp\/v2\/posts\/85180"}],"collection":[{"href":"https:\/\/www.locoxelrojo.com\/independiente\/wp-json\/wp\/v2\/posts"}],"about":[{"href":"https:\/\/www.locoxelrojo.com\/independiente\/wp-json\/wp\/v2\/types\/post"}],"author":[{"embeddable":true,"href":"https:\/\/www.locoxelrojo.com\/independiente\/wp-json\/wp\/v2\/users\/101015"}],"replies":[{"embeddable":true,"href":"https:\/\/www.locoxelrojo.com\/independiente\/wp-json\/wp\/v2\/comments?post=85180"}],"version-history":[{"count":0,"href":"https:\/\/www.locoxelrojo.com\/independiente\/wp-json\/wp\/v2\/posts\/85180\/revisions"}],"wp:featuredmedia":[{"embeddable":true,"href":"https:\/\/www.locoxelrojo.com\/independiente\/wp-json\/wp\/v2\/media\/84619"}],"wp:attachment":[{"href":"https:\/\/www.locoxelrojo.com\/independiente\/wp-json\/wp\/v2\/media?parent=85180"}],"wp:term":[{"taxonomy":"category","embeddable":true,"href":"https:\/\/www.locoxelrojo.com\/independiente\/wp-json\/wp\/v2\/categories?post=85180"},{"taxonomy":"post_tag","embeddable":true,"href":"https:\/\/www.locoxelrojo.com\/independiente\/wp-json\/wp\/v2\/tags?post=85180"}],"curies":[{"name":"wp","href":"https:\/\/api.w.org\/{rel}","templated":true}]}}