{"id":85210,"date":"2019-09-30T17:50:15","date_gmt":"2019-09-30T20:50:15","guid":{"rendered":"http:\/\/www.locoxelrojo.com\/independiente\/?p=85210"},"modified":"2019-09-30T17:58:49","modified_gmt":"2019-09-30T20:58:49","slug":"parte-medico-de-los-romero","status":"publish","type":"post","link":"https:\/\/www.locoxelrojo.com\/independiente\/2019\/09\/30\/parte-medico-de-los-romero\/","title":{"rendered":"Parte m\u00e9dico de los Romero"},"content":{"rendered":"<p><strong>Silvio Romero fue sustituido al final del primer tiempo ante Talleres por un fuerte dolor que le impidi\u00f3 continuar, mientras que Lucas Romero tambi\u00e9n sali\u00f3 reemplazado en la segunda parte por un inconveniente f\u00edsico.<\/strong><\/p>\n<p>Luego de realizarle los estudios correspondientes, <strong>el delantero padece una leve distensi\u00f3n en el b\u00edceps femoral de la pierna derecha<\/strong>. Esta molestia lo marginar\u00e1 del encuentro de la semana que viene ante V\u00e9lez.<\/p>\n<p>Por su parte, el ex jugador de Cruzeiro solamente tuvo <strong>un calambre en su pierna derecha <\/strong>y podr\u00e1 estar en la consideraci\u00f3n del DT para el domingo pr\u00f3ximo.<\/p>\n","protected":false},"excerpt":{"rendered":"<p>Silvio Romero fue sustituido al final del primer tiempo ante Talleres por un fuerte dolor que le impidi\u00f3 continuar, mientras que Lucas Romero tambi\u00e9n sali\u00f3 reemplazado en la segunda parte por un inconveniente f\u00edsico. Luego de realizarle los estudios correspondientes, el delantero padece una leve distensi\u00f3n en el b\u00edceps femoral de la pierna derecha. Esta [&hellip;]<\/p>\n","protected":false},"author":101015,"featured_media":85213,"comment_status":"open","ping_status":"closed","sticky":false,"template":"","format":"standard","meta":{"_links_to":"","_links_to_target":""},"categories":[3247,3],"tags":[153,2768,1806,4195,529],"_links":{"self":[{"href":"https:\/\/www.locoxelrojo.com\/independiente\/wp-json\/wp\/v2\/posts\/85210"}],"collection":[{"href":"https:\/\/www.locoxelrojo.com\/independiente\/wp-json\/wp\/v2\/posts"}],"about":[{"href":"https:\/\/www.locoxelrojo.com\/independiente\/wp-json\/wp\/v2\/types\/post"}],"author":[{"embeddable":true,"href":"https:\/\/www.locoxelrojo.com\/independiente\/wp-json\/wp\/v2\/users\/101015"}],"replies":[{"embeddable":true,"href":"https:\/\/www.locoxelrojo.com\/independiente\/wp-json\/wp\/v2\/comments?post=85210"}],"version-history":[{"count":1,"href":"https:\/\/www.locoxelrojo.com\/independiente\/wp-json\/wp\/v2\/posts\/85210\/revisions"}],"predecessor-version":[{"id":85230,"href":"https:\/\/www.locoxelrojo.com\/independiente\/wp-json\/wp\/v2\/posts\/85210\/revisions\/85230"}],"wp:featuredmedia":[{"embeddable":true,"href":"https:\/\/www.locoxelrojo.com\/independiente\/wp-json\/wp\/v2\/media\/85213"}],"wp:attachment":[{"href":"https:\/\/www.locoxelrojo.com\/independiente\/wp-json\/wp\/v2\/media?parent=85210"}],"wp:term":[{"taxonomy":"category","embeddable":true,"href":"https:\/\/www.locoxelrojo.com\/independiente\/wp-json\/wp\/v2\/categories?post=85210"},{"taxonomy":"post_tag","embeddable":true,"href":"https:\/\/www.locoxelrojo.com\/independiente\/wp-json\/wp\/v2\/tags?post=85210"}],"curies":[{"name":"wp","href":"https:\/\/api.w.org\/{rel}","templated":true}]}}