{"id":85246,"date":"2019-10-01T17:22:57","date_gmt":"2019-10-01T20:22:57","guid":{"rendered":"http:\/\/www.locoxelrojo.com\/independiente\/?p=85246"},"modified":"2019-10-01T17:23:25","modified_gmt":"2019-10-01T20:23:25","slug":"arbitro-confirmado-ante-velez-2","status":"publish","type":"post","link":"https:\/\/www.locoxelrojo.com\/independiente\/2019\/10\/01\/arbitro-confirmado-ante-velez-2\/","title":{"rendered":"\u00c1rbitro confirmado ante V\u00e9lez"},"content":{"rendered":"<p><strong>La Asociaci\u00f3n del F\u00fatbol Argentino confirm\u00f3 las ternas arbitrales para novena fecha de la Superliga<\/strong>.<\/p>\n<p><strong>Germ\u00e1n Delfino ha sido designado para el encuentro entre V\u00e9lez e Independiente<\/strong>, el domingo a las 11, en el Estadio Jos\u00e9 Amalfitani.<\/p>\n<p><strong>El historial de este juez ante el Rojo marca que lo dirigi\u00f3 en 21 oportunidades<\/strong>, en las que <strong>gan\u00f3 en nueve ocasiones, empat\u00f3 en siete y perdi\u00f3 cinco<\/strong>.<\/p>\n<p><strong>La \u00faltima vez fue en la victoria 2-1 a Uni\u00f3n de Santa Fe<\/strong>, en el Libertadores de Am\u00e9rica, por la fecha 18 del torneo anterior. En aquel encuentro, el juez\u00a0<a href=\"https:\/\/www.locoxelrojo.com\/independiente\/2019\/02\/09\/pablo-perez-se-cruzo-feo-con-german-delfino\/\">tuvo un cruce con Pablo P\u00e9rez<\/a>.<\/p>\n","protected":false},"excerpt":{"rendered":"<p>La Asociaci\u00f3n del F\u00fatbol Argentino confirm\u00f3 las ternas arbitrales para novena fecha de la Superliga. Germ\u00e1n Delfino ha sido designado para el encuentro entre V\u00e9lez e Independiente, el domingo a las 11, en el Estadio Jos\u00e9 Amalfitani. El historial de este juez ante el Rojo marca que lo dirigi\u00f3 en 21 oportunidades, en las que [&hellip;]<\/p>\n","protected":false},"author":101015,"featured_media":80949,"comment_status":"open","ping_status":"closed","sticky":false,"template":"","format":"standard","meta":{"_links_to":"","_links_to_target":""},"categories":[3280,3247],"tags":[153,815,4195,2722],"_links":{"self":[{"href":"https:\/\/www.locoxelrojo.com\/independiente\/wp-json\/wp\/v2\/posts\/85246"}],"collection":[{"href":"https:\/\/www.locoxelrojo.com\/independiente\/wp-json\/wp\/v2\/posts"}],"about":[{"href":"https:\/\/www.locoxelrojo.com\/independiente\/wp-json\/wp\/v2\/types\/post"}],"author":[{"embeddable":true,"href":"https:\/\/www.locoxelrojo.com\/independiente\/wp-json\/wp\/v2\/users\/101015"}],"replies":[{"embeddable":true,"href":"https:\/\/www.locoxelrojo.com\/independiente\/wp-json\/wp\/v2\/comments?post=85246"}],"version-history":[{"count":0,"href":"https:\/\/www.locoxelrojo.com\/independiente\/wp-json\/wp\/v2\/posts\/85246\/revisions"}],"wp:featuredmedia":[{"embeddable":true,"href":"https:\/\/www.locoxelrojo.com\/independiente\/wp-json\/wp\/v2\/media\/80949"}],"wp:attachment":[{"href":"https:\/\/www.locoxelrojo.com\/independiente\/wp-json\/wp\/v2\/media?parent=85246"}],"wp:term":[{"taxonomy":"category","embeddable":true,"href":"https:\/\/www.locoxelrojo.com\/independiente\/wp-json\/wp\/v2\/categories?post=85246"},{"taxonomy":"post_tag","embeddable":true,"href":"https:\/\/www.locoxelrojo.com\/independiente\/wp-json\/wp\/v2\/tags?post=85246"}],"curies":[{"name":"wp","href":"https:\/\/api.w.org\/{rel}","templated":true}]}}