{"id":85276,"date":"2019-10-04T15:30:59","date_gmt":"2019-10-04T18:30:59","guid":{"rendered":"http:\/\/www.locoxelrojo.com\/independiente\/?p=85276"},"modified":"2019-10-04T18:59:50","modified_gmt":"2019-10-04T21:59:50","slug":"con-el-chino-y-velasco-a-la-par","status":"publish","type":"post","link":"https:\/\/www.locoxelrojo.com\/independiente\/2019\/10\/04\/con-el-chino-y-velasco-a-la-par\/","title":{"rendered":"Con el Chino y Velasco a la par"},"content":{"rendered":"<p>Independiente se entren\u00f3 este viernes por la ma\u00f1ana en el predio de Villa Dom\u00ednico y <strong>Silvio Romero y Alan Velasco pudieron trabajar con normalidad junto al resto del grupo<\/strong>.<\/p>\n<p>Una de las dudas que ten\u00eda Sebasti\u00e1n Beccacece era saber si el Chino iba a llegar al partido del domingo ante V\u00e9lez. <strong>El delantero hoy se reintegr\u00f3 junto a sus compa\u00f1eros e hizo tareas espec\u00edficas de rehabilitaci\u00f3n. Pero posiblemente el t\u00e9cnico decida no arriesgarlo ante el Fort\u00edn<\/strong>.<\/p>\n<p><strong>Otro de los futbolistas que hab\u00eda encendido la alarma hab\u00eda sido Velasco<\/strong>, <a href=\"https:\/\/www.locoxelrojo.com\/independiente\/2019\/10\/02\/preocupacion-por-velasco\/\">quien se lesion\u00f3 su rodilla en un entrenamiento con la Selecci\u00f3n Sub 17<\/a>. Y, al igual que Romero, <strong>el juvenil pudo moverse con el resto del grupo<\/strong>.<\/p>\n<p>Lo cierto es que la jornada del viernes cont\u00f3 con trabajos en el gimnasio en primera instancia y posteriormente el plantel salt\u00f3 al campo para llevar a cabo <strong>labores t\u00e1cticas y f\u00fatbol en espacios reducidos<\/strong>.<\/p>\n<p>El equipo se entrenar\u00e1 ma\u00f1ana por la ma\u00f1ana en el Predio de Villa Dom\u00ednico, a puertas cerradas, y luego quedar\u00e1 concentrado en el Hotel Scala.<\/p>\n","protected":false},"excerpt":{"rendered":"<p>Independiente se entren\u00f3 este viernes por la ma\u00f1ana en el predio de Villa Dom\u00ednico y Silvio Romero y Alan Velasco pudieron trabajar con normalidad junto al resto del grupo. Una de las dudas que ten\u00eda Sebasti\u00e1n Beccacece era saber si el Chino iba a llegar al partido del domingo ante V\u00e9lez. El delantero hoy se [&hellip;]<\/p>\n","protected":false},"author":19,"featured_media":84885,"comment_status":"open","ping_status":"closed","sticky":false,"template":"","format":"standard","meta":{"_links_to":"","_links_to_target":""},"categories":[3247,3],"tags":[3560,153,26,1683,1806],"_links":{"self":[{"href":"https:\/\/www.locoxelrojo.com\/independiente\/wp-json\/wp\/v2\/posts\/85276"}],"collection":[{"href":"https:\/\/www.locoxelrojo.com\/independiente\/wp-json\/wp\/v2\/posts"}],"about":[{"href":"https:\/\/www.locoxelrojo.com\/independiente\/wp-json\/wp\/v2\/types\/post"}],"author":[{"embeddable":true,"href":"https:\/\/www.locoxelrojo.com\/independiente\/wp-json\/wp\/v2\/users\/19"}],"replies":[{"embeddable":true,"href":"https:\/\/www.locoxelrojo.com\/independiente\/wp-json\/wp\/v2\/comments?post=85276"}],"version-history":[{"count":0,"href":"https:\/\/www.locoxelrojo.com\/independiente\/wp-json\/wp\/v2\/posts\/85276\/revisions"}],"wp:featuredmedia":[{"embeddable":true,"href":"https:\/\/www.locoxelrojo.com\/independiente\/wp-json\/wp\/v2\/media\/84885"}],"wp:attachment":[{"href":"https:\/\/www.locoxelrojo.com\/independiente\/wp-json\/wp\/v2\/media?parent=85276"}],"wp:term":[{"taxonomy":"category","embeddable":true,"href":"https:\/\/www.locoxelrojo.com\/independiente\/wp-json\/wp\/v2\/categories?post=85276"},{"taxonomy":"post_tag","embeddable":true,"href":"https:\/\/www.locoxelrojo.com\/independiente\/wp-json\/wp\/v2\/tags?post=85276"}],"curies":[{"name":"wp","href":"https:\/\/api.w.org\/{rel}","templated":true}]}}