{"id":85281,"date":"2019-10-05T13:01:33","date_gmt":"2019-10-05T16:01:33","guid":{"rendered":"http:\/\/www.locoxelrojo.com\/independiente\/?p=85281"},"modified":"2019-10-05T13:01:33","modified_gmt":"2019-10-05T16:01:33","slug":"concentrados-vs-velez-vuelven-domingo-y-chavez","status":"publish","type":"post","link":"https:\/\/www.locoxelrojo.com\/independiente\/2019\/10\/05\/concentrados-vs-velez-vuelven-domingo-y-chavez\/","title":{"rendered":"Concentrados vs. V\u00e9lez: vuelven Domingo y Ch\u00e1vez"},"content":{"rendered":"<p>Luego de la pr\u00e1ctica de esta ma\u00f1ana Sebasti\u00e1n Beccacece entreg\u00f3 la n\u00f3mina de concentrados para el encuentro de ma\u00f1ana ante V\u00e9lez. <strong>En total son 20 futbolistas por lo que dos de ellos quedar\u00e1n afuera del banco de suplentes<\/strong>.<\/p>\n<p><a href=\"https:\/\/www.locoxelrojo.com\/independiente\/2019\/09\/28\/concentrados-vs-talleres-vuelve-pablo-perez\/\">Con respecto a la \u00faltima lista<\/a>, el entrenador realiz\u00f3 dos variantes. <strong>Regresaron Nicol\u00e1s Domingo y Cristian Ch\u00e1vez y salieron Nicol\u00e1s Figal (suspendido) y Alan So\u00f1ora<\/strong>.<\/p>\n<p><strong>Adem\u00e1s se destaca la presencia de Silvio Romero y Alan Velasco<\/strong>, quienes en la semana hab\u00edan trabajado de manera diferenciada por estar afectados a distintas lesiones. <strong>Al Chino lo exigir\u00e1n para saber si puede estar entre los once<\/strong> o si su lugar lo ocupa Sebasti\u00e1n Palacios o el ex Aldosivi.<\/p>\n<p><span style=\"text-decoration: underline;\"><strong>Los 20 convocados:<\/strong><\/span><\/p>\n<p><span style=\"text-decoration: underline;\"><strong>Arqueros:<\/strong><\/span> Mart\u00edn Campa\u00f1a, Milton \u00c1lvarez.<\/p>\n<p><span style=\"text-decoration: underline;\"><strong>Defensores:<\/strong><\/span> Alan Franco, Juan S\u00e1nchez Mi\u00f1o, Fabricio Bustos, Gast\u00f3n Silva, Alexander Barboza.<\/p>\n<p><span style=\"text-decoration: underline;\"><strong>Mediocampistas:<\/strong><\/span>\u00a0Nicol\u00e1s Domingo, Andr\u00e9s Roa, Pablo P\u00e9rez, Carlos Benavidez, Lucas Romero, Domingo Blanco.<\/p>\n<p><span style=\"text-decoration: underline;\"><strong>Delanteros:<\/strong><\/span> Alan Velasco, Mart\u00edn Ben\u00edtez, Cecilio Dom\u00ednguez, Silvio Romero, Cristian Ch\u00e1vez, Francisco Pizzini, Sebasti\u00e1n Palacios.<\/p>\n","protected":false},"excerpt":{"rendered":"<p>Luego de la pr\u00e1ctica de esta ma\u00f1ana Sebasti\u00e1n Beccacece entreg\u00f3 la n\u00f3mina de concentrados para el encuentro de ma\u00f1ana ante V\u00e9lez. En total son 20 futbolistas por lo que dos de ellos quedar\u00e1n afuera del banco de suplentes. Con respecto a la \u00faltima lista, el entrenador realiz\u00f3 dos variantes. Regresaron Nicol\u00e1s Domingo y Cristian Ch\u00e1vez [&hellip;]<\/p>\n","protected":false},"author":19,"featured_media":84682,"comment_status":"open","ping_status":"closed","sticky":false,"template":"","format":"standard","meta":{"_links_to":"","_links_to_target":""},"categories":[3247,3],"tags":[4121,3560,153,2024,4313,3367,2625,1806,4195,213],"_links":{"self":[{"href":"https:\/\/www.locoxelrojo.com\/independiente\/wp-json\/wp\/v2\/posts\/85281"}],"collection":[{"href":"https:\/\/www.locoxelrojo.com\/independiente\/wp-json\/wp\/v2\/posts"}],"about":[{"href":"https:\/\/www.locoxelrojo.com\/independiente\/wp-json\/wp\/v2\/types\/post"}],"author":[{"embeddable":true,"href":"https:\/\/www.locoxelrojo.com\/independiente\/wp-json\/wp\/v2\/users\/19"}],"replies":[{"embeddable":true,"href":"https:\/\/www.locoxelrojo.com\/independiente\/wp-json\/wp\/v2\/comments?post=85281"}],"version-history":[{"count":0,"href":"https:\/\/www.locoxelrojo.com\/independiente\/wp-json\/wp\/v2\/posts\/85281\/revisions"}],"wp:featuredmedia":[{"embeddable":true,"href":"https:\/\/www.locoxelrojo.com\/independiente\/wp-json\/wp\/v2\/media\/84682"}],"wp:attachment":[{"href":"https:\/\/www.locoxelrojo.com\/independiente\/wp-json\/wp\/v2\/media?parent=85281"}],"wp:term":[{"taxonomy":"category","embeddable":true,"href":"https:\/\/www.locoxelrojo.com\/independiente\/wp-json\/wp\/v2\/categories?post=85281"},{"taxonomy":"post_tag","embeddable":true,"href":"https:\/\/www.locoxelrojo.com\/independiente\/wp-json\/wp\/v2\/tags?post=85281"}],"curies":[{"name":"wp","href":"https:\/\/api.w.org\/{rel}","templated":true}]}}