{"id":85315,"date":"2019-10-08T15:25:13","date_gmt":"2019-10-08T18:25:13","guid":{"rendered":"http:\/\/www.locoxelrojo.com\/independiente\/?p=85315"},"modified":"2019-10-08T21:36:05","modified_gmt":"2019-10-09T00:36:05","slug":"regreso-con-ausencias-y-recuperados","status":"publish","type":"post","link":"https:\/\/www.locoxelrojo.com\/independiente\/2019\/10\/08\/regreso-con-ausencias-y-recuperados\/","title":{"rendered":"Regreso con ausencias y recuperados"},"content":{"rendered":"<p><strong>El plantel de Independiente retom\u00f3 los entrenamientos tras la derrota ante V\u00e9lez. Tendr\u00e1 por delante casi dos semanas de trabajo a causa del parate por fecha FIFA.<\/strong><\/p>\n<p>Este martes por la ma\u00f1ana, el equipo de Sebasti\u00e1n Beccacece regres\u00f3 a las pr\u00e1cticas en el predio de Villa Dom\u00ednico, enfocado en dar vuelta la p\u00e1gina despu\u00e9s de la derrota en Liniers. El t\u00e9cnico contar\u00e1 con <strong>m\u00e1s tiempo para ajustar detalles y corregir errores, ya que el pr\u00f3ximo partido ser\u00e1 reci\u00e9n el lunes 21<\/strong> ante Argentinos Juniors.<\/p>\n<p>El grupo trabaj\u00f3 en el gimnasio y complement\u00f3 con algunos ejercicios f\u00edsicos. La buena noticia fue que <strong>Gast\u00f3n Togni se entren\u00f3 a la par de sus compa\u00f1eros<\/strong> y su alta m\u00e9dica es inminente. Tambi\u00e9n <strong>practic\u00f3 con normalidad Silvio Romero<\/strong>, quien no fue al banco ante V\u00e9lez por precauci\u00f3n tras sufrir una leve distensi\u00f3n del b\u00edceps femoral derecho.<\/p>\n<p>Por su parte, Pablo Hern\u00e1ndez continu\u00f3 con la rehabilitaci\u00f3n de su rodilla en kinesiolog\u00eda.\u00a0<strong>Quienes no estuvieron fueron Mart\u00edn Campa\u00f1a y Gast\u00f3n Silva<\/strong>, convocados nuevamente para entrenarse con la Selecci\u00f3n de Uruguay.<\/p>\n","protected":false},"excerpt":{"rendered":"<p>El plantel de Independiente retom\u00f3 los entrenamientos tras la derrota ante V\u00e9lez. Tendr\u00e1 por delante casi dos semanas de trabajo a causa del parate por fecha FIFA. Este martes por la ma\u00f1ana, el equipo de Sebasti\u00e1n Beccacece regres\u00f3 a las pr\u00e1cticas en el predio de Villa Dom\u00ednico, enfocado en dar vuelta la p\u00e1gina despu\u00e9s de [&hellip;]<\/p>\n","protected":false},"author":8,"featured_media":85316,"comment_status":"open","ping_status":"closed","sticky":false,"template":"","format":"standard","meta":{"_links_to":"","_links_to_target":""},"categories":[3247,3],"tags":[26,3557,3166,3126,1806,172],"_links":{"self":[{"href":"https:\/\/www.locoxelrojo.com\/independiente\/wp-json\/wp\/v2\/posts\/85315"}],"collection":[{"href":"https:\/\/www.locoxelrojo.com\/independiente\/wp-json\/wp\/v2\/posts"}],"about":[{"href":"https:\/\/www.locoxelrojo.com\/independiente\/wp-json\/wp\/v2\/types\/post"}],"author":[{"embeddable":true,"href":"https:\/\/www.locoxelrojo.com\/independiente\/wp-json\/wp\/v2\/users\/8"}],"replies":[{"embeddable":true,"href":"https:\/\/www.locoxelrojo.com\/independiente\/wp-json\/wp\/v2\/comments?post=85315"}],"version-history":[{"count":0,"href":"https:\/\/www.locoxelrojo.com\/independiente\/wp-json\/wp\/v2\/posts\/85315\/revisions"}],"wp:featuredmedia":[{"embeddable":true,"href":"https:\/\/www.locoxelrojo.com\/independiente\/wp-json\/wp\/v2\/media\/85316"}],"wp:attachment":[{"href":"https:\/\/www.locoxelrojo.com\/independiente\/wp-json\/wp\/v2\/media?parent=85315"}],"wp:term":[{"taxonomy":"category","embeddable":true,"href":"https:\/\/www.locoxelrojo.com\/independiente\/wp-json\/wp\/v2\/categories?post=85315"},{"taxonomy":"post_tag","embeddable":true,"href":"https:\/\/www.locoxelrojo.com\/independiente\/wp-json\/wp\/v2\/tags?post=85315"}],"curies":[{"name":"wp","href":"https:\/\/api.w.org\/{rel}","templated":true}]}}