{"id":85370,"date":"2019-10-15T14:20:55","date_gmt":"2019-10-15T17:20:55","guid":{"rendered":"http:\/\/www.locoxelrojo.com\/independiente\/?p=85370"},"modified":"2019-10-15T14:25:44","modified_gmt":"2019-10-15T17:25:44","slug":"lo-buscan-en-porto-alegre","status":"publish","type":"post","link":"https:\/\/www.locoxelrojo.com\/independiente\/2019\/10\/15\/lo-buscan-en-porto-alegre\/","title":{"rendered":"Lo buscan en Porto Alegre"},"content":{"rendered":"<p>Internacional de Porto Alegre busca entrenador y aparecen 4 argentinos en la lista: <strong>tres de ellos relacionados a Independiente.<\/strong><\/p>\n<p>Tras la salida de Odair Hellmann, el conjunto brasilero comenz\u00f3 a buscar DT y la mira apunta para la Argentina. <strong>Eduardo Coudet, Jorge Almir\u00f3n, Ariel Holan y Sebasti\u00e1n Beccacece son los principales candidatos para sentarse en el banco del Inter.<\/strong><\/p>\n<p><a href=\"https:\/\/t.co\/5mq1K0Bh57\">Seg\u00fan medios brasileros<\/a>, Roberto Melo, director deportivo, incluy\u00f3 a Beccacece junto a los otros tres candidatos. Adem\u00e1s, <strong>se comunic\u00f3 con Christian Bragarnik para conocer cu\u00e1l es la situaci\u00f3n contractual del DT de Independiente, cuyo contrato finaliza en junio 2020.<\/strong><\/p>\n<p>\u00bfQui\u00e9n de los cuatro candidatos se har\u00e1 cargo del Colorado?<\/p>\n","protected":false},"excerpt":{"rendered":"<p>Internacional de Porto Alegre busca entrenador y aparecen 4 argentinos en la lista: tres de ellos relacionados a Independiente. Tras la salida de Odair Hellmann, el conjunto brasilero comenz\u00f3 a buscar DT y la mira apunta para la Argentina. Eduardo Coudet, Jorge Almir\u00f3n, Ariel Holan y Sebasti\u00e1n Beccacece son los principales candidatos para sentarse en [&hellip;]<\/p>\n","protected":false},"author":1,"featured_media":84167,"comment_status":"open","ping_status":"closed","sticky":false,"template":"","format":"standard","meta":{"_links_to":"","_links_to_target":""},"categories":[3280,3247],"tags":[3532],"_links":{"self":[{"href":"https:\/\/www.locoxelrojo.com\/independiente\/wp-json\/wp\/v2\/posts\/85370"}],"collection":[{"href":"https:\/\/www.locoxelrojo.com\/independiente\/wp-json\/wp\/v2\/posts"}],"about":[{"href":"https:\/\/www.locoxelrojo.com\/independiente\/wp-json\/wp\/v2\/types\/post"}],"author":[{"embeddable":true,"href":"https:\/\/www.locoxelrojo.com\/independiente\/wp-json\/wp\/v2\/users\/1"}],"replies":[{"embeddable":true,"href":"https:\/\/www.locoxelrojo.com\/independiente\/wp-json\/wp\/v2\/comments?post=85370"}],"version-history":[{"count":0,"href":"https:\/\/www.locoxelrojo.com\/independiente\/wp-json\/wp\/v2\/posts\/85370\/revisions"}],"wp:featuredmedia":[{"embeddable":true,"href":"https:\/\/www.locoxelrojo.com\/independiente\/wp-json\/wp\/v2\/media\/84167"}],"wp:attachment":[{"href":"https:\/\/www.locoxelrojo.com\/independiente\/wp-json\/wp\/v2\/media?parent=85370"}],"wp:term":[{"taxonomy":"category","embeddable":true,"href":"https:\/\/www.locoxelrojo.com\/independiente\/wp-json\/wp\/v2\/categories?post=85370"},{"taxonomy":"post_tag","embeddable":true,"href":"https:\/\/www.locoxelrojo.com\/independiente\/wp-json\/wp\/v2\/tags?post=85370"}],"curies":[{"name":"wp","href":"https:\/\/api.w.org\/{rel}","templated":true}]}}