{"id":85373,"date":"2019-10-15T14:14:52","date_gmt":"2019-10-15T17:14:52","guid":{"rendered":"http:\/\/www.locoxelrojo.com\/independiente\/?p=85373"},"modified":"2019-10-15T14:14:52","modified_gmt":"2019-10-15T17:14:52","slug":"una-duda-en-el-fondo","status":"publish","type":"post","link":"https:\/\/www.locoxelrojo.com\/independiente\/2019\/10\/15\/una-duda-en-el-fondo\/","title":{"rendered":"Una duda en el fondo"},"content":{"rendered":"<p>Independiente sum\u00f3 una nueva jornada de entrenamiento este martes por la ma\u00f1ana en el predio de Villa Dom\u00ednico, <strong>ya con la mente puesta en encontrar el equipo para enfrentar el fin de semana a Argentinos Juniors.<\/strong><\/p>\n<p><strong>El plantel primero realiz\u00f3 trabajos f\u00edsicos en el gimnasio y luego practic\u00f3 con la pelota. Sebasti\u00e1n Beccacece diagram\u00f3 circuitos de reacci\u00f3n y velocidad, trabajos espec\u00edficos seg\u00fan la funci\u00f3n en el campo y ejercicios t\u00e1cticos en espacios reducidos. Finalmente, los jugadores ensayaron resoluciones 1 vs. 1, 2 vs. 1 y 2 vs. 2.<\/strong><\/p>\n<p>La duda para el DT se mantiene en la defensa: <strong>Nicol\u00e1s Figal volver\u00e1 al equipo tras la acumulaci\u00f3n de tarjetas y ser\u00e1 acompa\u00f1ado por Alan Franco con Gast\u00f3n Silva de lateral o por el uruguayo en la saga y Juan S\u00e1nchez Mi\u00f1o a la banda.<\/strong> Adem\u00e1s, el colombiano <a href=\"https:\/\/www.locoxelrojo.com\/independiente\/2019\/10\/15\/se-mete-roa\/\">Andr\u00e9s Roa, uno de los refuerzos del semestre, tiene grandes chances de ser titular por primera vez desde su llegada<\/a>.<\/p>\n<p>De manera diferenciada se entren\u00f3 Pablo Hern\u00e1ndez, quien contin\u00faa con la recuperaci\u00f3n de la rotura de ligamentos y <strong>tanto Mart\u00edn Campa\u00f1a como Silva estuvieron ausentes por la convocatoria con la selecci\u00f3n de Uruguay.<\/strong><\/p>\n","protected":false},"excerpt":{"rendered":"<p>Independiente sum\u00f3 una nueva jornada de entrenamiento este martes por la ma\u00f1ana en el predio de Villa Dom\u00ednico, ya con la mente puesta en encontrar el equipo para enfrentar el fin de semana a Argentinos Juniors. El plantel primero realiz\u00f3 trabajos f\u00edsicos en el gimnasio y luego practic\u00f3 con la pelota. Sebasti\u00e1n Beccacece diagram\u00f3 circuitos [&hellip;]<\/p>\n","protected":false},"author":101017,"featured_media":85374,"comment_status":"open","ping_status":"closed","sticky":false,"template":"","format":"standard","meta":{"_links_to":"","_links_to_target":""},"categories":[3247,3],"tags":[4267,26,3557,3190,3126,2625,3532,172],"_links":{"self":[{"href":"https:\/\/www.locoxelrojo.com\/independiente\/wp-json\/wp\/v2\/posts\/85373"}],"collection":[{"href":"https:\/\/www.locoxelrojo.com\/independiente\/wp-json\/wp\/v2\/posts"}],"about":[{"href":"https:\/\/www.locoxelrojo.com\/independiente\/wp-json\/wp\/v2\/types\/post"}],"author":[{"embeddable":true,"href":"https:\/\/www.locoxelrojo.com\/independiente\/wp-json\/wp\/v2\/users\/101017"}],"replies":[{"embeddable":true,"href":"https:\/\/www.locoxelrojo.com\/independiente\/wp-json\/wp\/v2\/comments?post=85373"}],"version-history":[{"count":0,"href":"https:\/\/www.locoxelrojo.com\/independiente\/wp-json\/wp\/v2\/posts\/85373\/revisions"}],"wp:featuredmedia":[{"embeddable":true,"href":"https:\/\/www.locoxelrojo.com\/independiente\/wp-json\/wp\/v2\/media\/85374"}],"wp:attachment":[{"href":"https:\/\/www.locoxelrojo.com\/independiente\/wp-json\/wp\/v2\/media?parent=85373"}],"wp:term":[{"taxonomy":"category","embeddable":true,"href":"https:\/\/www.locoxelrojo.com\/independiente\/wp-json\/wp\/v2\/categories?post=85373"},{"taxonomy":"post_tag","embeddable":true,"href":"https:\/\/www.locoxelrojo.com\/independiente\/wp-json\/wp\/v2\/tags?post=85373"}],"curies":[{"name":"wp","href":"https:\/\/api.w.org\/{rel}","templated":true}]}}