{"id":85381,"date":"2019-10-16T10:26:00","date_gmt":"2019-10-16T13:26:00","guid":{"rendered":"http:\/\/www.locoxelrojo.com\/independiente\/?p=85381"},"modified":"2019-10-16T14:26:29","modified_gmt":"2019-10-16T17:26:29","slug":"prestados-rojos-poca-accion-para-los-cedidos-del-diablo","status":"publish","type":"post","link":"https:\/\/www.locoxelrojo.com\/independiente\/2019\/10\/16\/prestados-rojos-poca-accion-para-los-cedidos-del-diablo\/","title":{"rendered":"Prestados Rojos: poca acci\u00f3n para los cedidos del Diablo"},"content":{"rendered":"<p>Con la ausencia de Superliga por la doble fecha FIFA, los cedidos del Rojo en Primera Divisi\u00f3n (Albertengo, Fern\u00e1ndez, Ver\u00f3n y Men\u00e9ndez) no tuvieron participaci\u00f3n oficial. De los que est\u00e1n en el extranjero, <strong>solo Braian Romero ingres\u00f3 tres minutos en el empate entre Athl\u00e9tico Paranaense y Corinthians<\/strong>. Gaibor y Delorenzi no jugaron en sus clubes (Al Wasl y Deportivo Cali, respectivamente).<\/p>\n<p><strong>Quienes fueron titulares en sus equipos fueron Ezequiel Denis y Nicol\u00e1s Del Priore<\/strong>. El delantero que juega en Almagro salt\u00f3 al campo desde el inicio, tanto en la eliminaci\u00f3n ante River por Copa Argentina como en el empate ante Defensores de Belgrano por Primera Nacional. Tambi\u00e9n en la segunda categor\u00eda, Del Priore disput\u00f3 los 90\u2019 para Villa D\u00e1lmine, que cay\u00f3 1-0 ante Tigre en condici\u00f3n de visitante.<\/p>\n<p><strong>Tambi\u00e9n sumaron minutos El\u00edas Contreras, Robertino Giacomini y Mauricio Del Castillo<\/strong>. El primero ingres\u00f3 9\u2019 en el empate 1-1 entre Brown de Adrogu\u00e9 y Sarmiento de Jun\u00edn; el segundo jug\u00f3 los \u00faltimos 11\u2019 de la victoria 3-2 de Alvarado sobre Estudiantes de Rio Cuarto; y el hermano del Kun disput\u00f3 21\u2019 en el empate entre Trist\u00e1n Su\u00e1rez y Los Andes.<\/p>\n<p>Temperley cierra hoy la fecha 9 de la Primera Nacional al visitar a Barracas Central. En el conjunto Gasolero, tanto <strong>Gonzalo Asis<\/strong> como <strong>Nicol\u00e1s Messiniti<\/strong> son parte de los 19 concentrados que pelear\u00e1n por un lugar en el once inicial.<\/p>\n","protected":false},"excerpt":{"rendered":"<p>Con la ausencia de Superliga por la doble fecha FIFA, los cedidos del Rojo en Primera Divisi\u00f3n (Albertengo, Fern\u00e1ndez, Ver\u00f3n y Men\u00e9ndez) no tuvieron participaci\u00f3n oficial. De los que est\u00e1n en el extranjero, solo Braian Romero ingres\u00f3 tres minutos en el empate entre Athl\u00e9tico Paranaense y Corinthians. Gaibor y Delorenzi no jugaron en sus clubes [&hellip;]<\/p>\n","protected":false},"author":101016,"featured_media":85382,"comment_status":"open","ping_status":"closed","sticky":false,"template":"","format":"standard","meta":{"_links_to":"","_links_to_target":""},"categories":[3297,3247],"tags":[3729,153,3416,2874,3747,4106,3374,3757,3751,2921,2839,174,3431,3109,3298,3399],"_links":{"self":[{"href":"https:\/\/www.locoxelrojo.com\/independiente\/wp-json\/wp\/v2\/posts\/85381"}],"collection":[{"href":"https:\/\/www.locoxelrojo.com\/independiente\/wp-json\/wp\/v2\/posts"}],"about":[{"href":"https:\/\/www.locoxelrojo.com\/independiente\/wp-json\/wp\/v2\/types\/post"}],"author":[{"embeddable":true,"href":"https:\/\/www.locoxelrojo.com\/independiente\/wp-json\/wp\/v2\/users\/101016"}],"replies":[{"embeddable":true,"href":"https:\/\/www.locoxelrojo.com\/independiente\/wp-json\/wp\/v2\/comments?post=85381"}],"version-history":[{"count":0,"href":"https:\/\/www.locoxelrojo.com\/independiente\/wp-json\/wp\/v2\/posts\/85381\/revisions"}],"wp:featuredmedia":[{"embeddable":true,"href":"https:\/\/www.locoxelrojo.com\/independiente\/wp-json\/wp\/v2\/media\/85382"}],"wp:attachment":[{"href":"https:\/\/www.locoxelrojo.com\/independiente\/wp-json\/wp\/v2\/media?parent=85381"}],"wp:term":[{"taxonomy":"category","embeddable":true,"href":"https:\/\/www.locoxelrojo.com\/independiente\/wp-json\/wp\/v2\/categories?post=85381"},{"taxonomy":"post_tag","embeddable":true,"href":"https:\/\/www.locoxelrojo.com\/independiente\/wp-json\/wp\/v2\/tags?post=85381"}],"curies":[{"name":"wp","href":"https:\/\/api.w.org\/{rel}","templated":true}]}}