{"id":85385,"date":"2019-10-16T15:03:49","date_gmt":"2019-10-16T18:03:49","guid":{"rendered":"http:\/\/www.locoxelrojo.com\/independiente\/?p=85385"},"modified":"2019-10-16T15:10:17","modified_gmt":"2019-10-16T18:10:17","slug":"entra-el-chino-pero-quien-sale","status":"publish","type":"post","link":"https:\/\/www.locoxelrojo.com\/independiente\/2019\/10\/16\/entra-el-chino-pero-quien-sale\/","title":{"rendered":"Entra el Chino, \u00bfpero qui\u00e9n sale?"},"content":{"rendered":"<p>Sebasti\u00e1n Beccacece contin\u00faa con el armado del equipo que ir\u00e1 en busca del quinto triunfo de Independiente en la Superliga. <strong>Y hoy por hoy la duda pasa por c\u00f3mo estar\u00e1 integrada la delantera<\/strong>.<\/p>\n<p><strong>La \u00fanica certeza del entrenador del Rojo es que Silvio Romero regresa a los once<\/strong> tras su distensi\u00f3n en el isquiotibial derecho. A su derecha estar\u00e1 Domingo Blanco y a su izquierda, la duda: Cecilio Dom\u00ednguez o Sebasti\u00e1n Palacios.<\/p>\n<blockquote class=\"twitter-tweet\">\n<p dir=\"ltr\" lang=\"es\"><a href=\"https:\/\/twitter.com\/hashtag\/Independiente?src=hash&amp;ref_src=twsrc%5Etfw\">#Independiente<\/a> | Con el regreso de Silvio Romero al once titular, \u00bfcon qui\u00e9nes debe compartir el ataque?<\/p>\n<p>\u2014 Independiente (LXR) (@locoxelrojoweb) <a href=\"https:\/\/twitter.com\/locoxelrojoweb\/status\/1184532406801440771?ref_src=twsrc%5Etfw\">October 16, 2019<\/a><\/p><\/blockquote>\n<p><script async src=\"https:\/\/platform.twitter.com\/widgets.js\" charset=\"utf-8\"><\/script>En medio de este panorama, el Rey de Copas se entren\u00f3 esta ma\u00f1ana en el predio de Villa Dom\u00ednico. <strong>Hubo an\u00e1lisis de video, labores en el gimnasio, trabajos t\u00e1cticos y definici\u00f3n<\/strong>.<\/p>\n<p><strong>El \u00fanico que se entren\u00f3 de manera diferenciada fue Pablo Hern\u00e1ndez<\/strong>, quien contin\u00faa recuper\u00e1ndose de la lesi\u00f3n en su rodilla. <strong>En tanto que Mart\u00edn Campa\u00f1a y Gast\u00f3n Silva<\/strong>, quienes estuvieron citados con la Selecci\u00f3n de Uruguay, <strong>se reincorporar\u00e1n en las pr\u00f3ximas horas junto al resto de sus compa\u00f1eros<\/strong>.<\/p>\n<p>El plantel del Rojo se entrenar\u00e1 ma\u00f1ana por la ma\u00f1ana en el Estadio Libertadores de Am\u00e9rica, a puertas cerradas, y posteriormente hablar\u00e1 el DT en conferencia de prensa.<\/p>\n","protected":false},"excerpt":{"rendered":"<p>Sebasti\u00e1n Beccacece contin\u00faa con el armado del equipo que ir\u00e1 en busca del quinto triunfo de Independiente en la Superliga. Y hoy por hoy la duda pasa por c\u00f3mo estar\u00e1 integrada la delantera. La \u00fanica certeza del entrenador del Rojo es que Silvio Romero regresa a los once tras su distensi\u00f3n en el isquiotibial derecho. [&hellip;]<\/p>\n","protected":false},"author":19,"featured_media":81364,"comment_status":"open","ping_status":"closed","sticky":false,"template":"","format":"standard","meta":{"_links_to":"","_links_to_target":""},"categories":[3247,3],"tags":[153,26,1683,1806],"_links":{"self":[{"href":"https:\/\/www.locoxelrojo.com\/independiente\/wp-json\/wp\/v2\/posts\/85385"}],"collection":[{"href":"https:\/\/www.locoxelrojo.com\/independiente\/wp-json\/wp\/v2\/posts"}],"about":[{"href":"https:\/\/www.locoxelrojo.com\/independiente\/wp-json\/wp\/v2\/types\/post"}],"author":[{"embeddable":true,"href":"https:\/\/www.locoxelrojo.com\/independiente\/wp-json\/wp\/v2\/users\/19"}],"replies":[{"embeddable":true,"href":"https:\/\/www.locoxelrojo.com\/independiente\/wp-json\/wp\/v2\/comments?post=85385"}],"version-history":[{"count":1,"href":"https:\/\/www.locoxelrojo.com\/independiente\/wp-json\/wp\/v2\/posts\/85385\/revisions"}],"predecessor-version":[{"id":85386,"href":"https:\/\/www.locoxelrojo.com\/independiente\/wp-json\/wp\/v2\/posts\/85385\/revisions\/85386"}],"wp:featuredmedia":[{"embeddable":true,"href":"https:\/\/www.locoxelrojo.com\/independiente\/wp-json\/wp\/v2\/media\/81364"}],"wp:attachment":[{"href":"https:\/\/www.locoxelrojo.com\/independiente\/wp-json\/wp\/v2\/media?parent=85385"}],"wp:term":[{"taxonomy":"category","embeddable":true,"href":"https:\/\/www.locoxelrojo.com\/independiente\/wp-json\/wp\/v2\/categories?post=85385"},{"taxonomy":"post_tag","embeddable":true,"href":"https:\/\/www.locoxelrojo.com\/independiente\/wp-json\/wp\/v2\/tags?post=85385"}],"curies":[{"name":"wp","href":"https:\/\/api.w.org\/{rel}","templated":true}]}}