{"id":85432,"date":"2019-10-18T11:57:37","date_gmt":"2019-10-18T14:57:37","guid":{"rendered":"http:\/\/www.locoxelrojo.com\/independiente\/?p=85432"},"modified":"2019-10-19T09:55:49","modified_gmt":"2019-10-19T12:55:49","slug":"velasco-convocado-al-mundial-sub-17","status":"publish","type":"post","link":"https:\/\/www.locoxelrojo.com\/independiente\/2019\/10\/18\/velasco-convocado-al-mundial-sub-17\/","title":{"rendered":"Velasco, convocado al Mundial Sub 17"},"content":{"rendered":"<p>El futbolista de Independiente, <strong>Alan Velasco, ha sido confirmado dentro de la lista de 21 jugadores que formar\u00e1n parte del seleccionado argentino Sub 17<\/strong>\u00a0que jugar\u00e1 el Mundial de esta categor\u00eda, a disputarse en Brasil.<\/p>\n<p><a href=\"https:\/\/www.locoxelrojo.com\/independiente\/2019\/10\/13\/minutos-para-velasco-en-la-sub-17\/\">Luego de participar en el amistoso de la semana pasada ante M\u00e9xico<\/a>, <strong>la promesa del Rojo fue confirmado por Pablo Aimar<\/strong>, entrenador del equipo, para la cita mundialista.<\/p>\n<p><strong>Argentina forma parte del Grupo E junto a Camer\u00fan, Espa\u00f1a y Tayikist\u00e1n<\/strong> y debutar\u00e1 el pr\u00f3ximo lunes 28 de octubre enfrentando al seleccionado espa\u00f1ol, a partir de las 17, en el Estadio Estadual Kl\u00e9ber Jos\u00e9 de Andrade.<\/p>\n<p><strong>El elenco nacional jugar\u00e1 su \u00faltimo amistoso en el pa\u00eds ma\u00f1ana y se despedir\u00e1<\/strong>, en la cancha de Estudiantes de Buenos Aires, <strong>frente a Nueva Zelanda<\/strong>. Es por ese motivo que <a href=\"https:\/\/www.locoxelrojo.com\/independiente\/2019\/10\/18\/concentrados-vs-argentinos-otra-vez-afuera-domingo-y-chavez\/\">Alan no fue convocado por Sebasti\u00e1n Beccacece para el partido ante Argentinos Juniors<\/a>.<\/p>\n<blockquote class=\"twitter-tweet\">\n<p dir=\"ltr\" lang=\"es\"><a href=\"https:\/\/twitter.com\/hashtag\/MundialSub17?src=hash&amp;ref_src=twsrc%5Etfw\">#MundialSub17<\/a> Repas\u00e1 la lista de convocados para la <a href=\"https:\/\/twitter.com\/hashtag\/U17WC?src=hash&amp;ref_src=twsrc%5Etfw\">#U17WC<\/a> &#x1f3c6;&#x1f30e;<\/p>\n<p>Ellos son los 21 elegidos &#x1f449; <a href=\"https:\/\/t.co\/uTl5Y56dIY\">https:\/\/t.co\/uTl5Y56dIY<\/a><a href=\"https:\/\/twitter.com\/hashtag\/VamosLosPibes?src=hash&amp;ref_src=twsrc%5Etfw\">#VamosLosPibes<\/a> &#x1f1e6;&#x1f1f7; <a href=\"https:\/\/t.co\/SDuprhYhPj\">pic.twitter.com\/SDuprhYhPj<\/a><\/p>\n<p>\u2014 Selecci\u00f3n Argentina &#x1f1e6;&#x1f1f7; (@Argentina) <a href=\"https:\/\/twitter.com\/Argentina\/status\/1185205141042917376?ref_src=twsrc%5Etfw\">October 18, 2019<\/a><\/p><\/blockquote>\n<p><script async src=\"https:\/\/platform.twitter.com\/widgets.js\" charset=\"utf-8\"><\/script><\/p>\n","protected":false},"excerpt":{"rendered":"<p>El futbolista de Independiente, Alan Velasco, ha sido confirmado dentro de la lista de 21 jugadores que formar\u00e1n parte del seleccionado argentino Sub 17\u00a0que jugar\u00e1 el Mundial de esta categor\u00eda, a disputarse en Brasil. Luego de participar en el amistoso de la semana pasada ante M\u00e9xico, la promesa del Rojo fue confirmado por Pablo Aimar, [&hellip;]<\/p>\n","protected":false},"author":101015,"featured_media":82384,"comment_status":"open","ping_status":"closed","sticky":false,"template":"","format":"standard","meta":{"_links_to":"","_links_to_target":""},"categories":[3247,3281],"tags":[3560,153,227],"_links":{"self":[{"href":"https:\/\/www.locoxelrojo.com\/independiente\/wp-json\/wp\/v2\/posts\/85432"}],"collection":[{"href":"https:\/\/www.locoxelrojo.com\/independiente\/wp-json\/wp\/v2\/posts"}],"about":[{"href":"https:\/\/www.locoxelrojo.com\/independiente\/wp-json\/wp\/v2\/types\/post"}],"author":[{"embeddable":true,"href":"https:\/\/www.locoxelrojo.com\/independiente\/wp-json\/wp\/v2\/users\/101015"}],"replies":[{"embeddable":true,"href":"https:\/\/www.locoxelrojo.com\/independiente\/wp-json\/wp\/v2\/comments?post=85432"}],"version-history":[{"count":1,"href":"https:\/\/www.locoxelrojo.com\/independiente\/wp-json\/wp\/v2\/posts\/85432\/revisions"}],"predecessor-version":[{"id":85433,"href":"https:\/\/www.locoxelrojo.com\/independiente\/wp-json\/wp\/v2\/posts\/85432\/revisions\/85433"}],"wp:featuredmedia":[{"embeddable":true,"href":"https:\/\/www.locoxelrojo.com\/independiente\/wp-json\/wp\/v2\/media\/82384"}],"wp:attachment":[{"href":"https:\/\/www.locoxelrojo.com\/independiente\/wp-json\/wp\/v2\/media?parent=85432"}],"wp:term":[{"taxonomy":"category","embeddable":true,"href":"https:\/\/www.locoxelrojo.com\/independiente\/wp-json\/wp\/v2\/categories?post=85432"},{"taxonomy":"post_tag","embeddable":true,"href":"https:\/\/www.locoxelrojo.com\/independiente\/wp-json\/wp\/v2\/tags?post=85432"}],"curies":[{"name":"wp","href":"https:\/\/api.w.org\/{rel}","templated":true}]}}