{"id":85489,"date":"2019-10-22T16:58:06","date_gmt":"2019-10-22T19:58:06","guid":{"rendered":"http:\/\/www.locoxelrojo.com\/independiente\/?p=85489"},"modified":"2019-10-22T18:48:19","modified_gmt":"2019-10-22T21:48:19","slug":"presentaron-los-nuevos-vestuarios-de-wilde","status":"publish","type":"post","link":"https:\/\/www.locoxelrojo.com\/independiente\/2019\/10\/22\/presentaron-los-nuevos-vestuarios-de-wilde\/","title":{"rendered":"Presentaron los nuevos vestuarios de Wilde"},"content":{"rendered":"<p><strong>Con la presencia de los m\u00e1ximos dirigentes de Independiente y jugadores del plantel profesional, se presentaron los nuevos vestuarios para juveniles, infantiles y \u00e1rbitros.<\/strong><\/p>\n<p>Este martes se llev\u00f3 a cabo la inauguraci\u00f3n de nuevas instalaciones en el predio de Wilde. Se trata de <strong>vestuarios de primer nivel para el F\u00fatbol Juvenil, F\u00fatbol Infantil y los \u00e1rbitros<\/strong>, junto a oficinas de coordinaci\u00f3n y consultorios m\u00e9dicos.<\/p>\n<blockquote class=\"twitter-tweet\">\n<p lang=\"es\" dir=\"ltr\">Del m\u00e1s alto nivel para cuidar nuestro futuro &#x1f51d;&#x1f44f;&#x1f3fb;<a href=\"https:\/\/twitter.com\/hashtag\/TodoRojo?src=hash&amp;ref_src=twsrc%5Etfw\">#TodoRojo<\/a> &#x1f534; <a href=\"https:\/\/t.co\/Z1Y4Zm1Xp8\">pic.twitter.com\/Z1Y4Zm1Xp8<\/a><\/p>\n<p>&mdash; C. A. Independiente (@Independiente) <a href=\"https:\/\/twitter.com\/Independiente\/status\/1186703313162702848?ref_src=twsrc%5Etfw\">October 22, 2019<\/a><\/p><\/blockquote>\n<p> <script async src=\"https:\/\/platform.twitter.com\/widgets.js\" charset=\"utf-8\"><\/script><\/p>\n<p>En el acto estuvieron presentes el presidente Hugo Moyano, el vicepresidente Pablo Moyano y el secretario general H\u00e9ctor Maldonado. <strong>En representaci\u00f3n del plantel profesional estuvieron Nicol\u00e1s Figal y Mart\u00edn Ben\u00edtez<\/strong>, ambos futbolistas surgidos de las Inferiores.<\/p>\n<blockquote class=\"twitter-tweet\">\n<p dir=\"ltr\" lang=\"es\">&#8220;Cuando llegamos al club esto era un basural. Hoy tenemos instalaciones hermosas y de primer\u00edsimo nivel. Esto nos alienta a seguir creciendo&#8221;<\/p>\n<p>Hugo Moyano &#x1f399;<a href=\"https:\/\/twitter.com\/hashtag\/TodoRojo?src=hash&amp;ref_src=twsrc%5Etfw\">#TodoRojo<\/a> &#x1f534; <a href=\"https:\/\/t.co\/iwaCicV4Mi\">pic.twitter.com\/iwaCicV4Mi<\/a><\/p>\n<p>\u2014 C. A. Independiente (@Independiente) <a href=\"https:\/\/twitter.com\/Independiente\/status\/1186700177052258306?ref_src=twsrc%5Etfw\">October 22, 2019<\/a><\/p><\/blockquote>\n<p><script async src=\"https:\/\/platform.twitter.com\/widgets.js\" charset=\"utf-8\"><\/script><\/p>\n<p><strong>&#8220;Muchas veces habl\u00e9 del sentido de pertenencia que tengo con este club. Se me puso la piel de gallina al entrar ac\u00e1 y recordar tantos momentos de cuando era chico. El trabajo actual es muy bueno y hay que valorarlo&#8221;<\/strong>, expres\u00f3 Figal ante los presentes.<\/p>\n<p>Por su parte, el misionero declar\u00f3: <strong>&#8220;Me pone muy contento ver c\u00f3mo est\u00e1 creciendo Independiente. Agradezco el compromiso de la directiva. A los padres y chicos les digo que disfruten y cuiden las instalaciones de un club tan grande&#8221;<\/strong>.<\/p>\n","protected":false},"excerpt":{"rendered":"<p>Con la presencia de los m\u00e1ximos dirigentes de Independiente y jugadores del plantel profesional, se presentaron los nuevos vestuarios para juveniles, infantiles y \u00e1rbitros. Este martes se llev\u00f3 a cabo la inauguraci\u00f3n de nuevas instalaciones en el predio de Wilde. Se trata de vestuarios de primer nivel para el F\u00fatbol Juvenil, F\u00fatbol Infantil y los [&hellip;]<\/p>\n","protected":false},"author":8,"featured_media":85490,"comment_status":"open","ping_status":"closed","sticky":false,"template":"","format":"standard","meta":{"_links_to":"","_links_to_target":""},"categories":[3247,4],"tags":[153,258,2625,390],"_links":{"self":[{"href":"https:\/\/www.locoxelrojo.com\/independiente\/wp-json\/wp\/v2\/posts\/85489"}],"collection":[{"href":"https:\/\/www.locoxelrojo.com\/independiente\/wp-json\/wp\/v2\/posts"}],"about":[{"href":"https:\/\/www.locoxelrojo.com\/independiente\/wp-json\/wp\/v2\/types\/post"}],"author":[{"embeddable":true,"href":"https:\/\/www.locoxelrojo.com\/independiente\/wp-json\/wp\/v2\/users\/8"}],"replies":[{"embeddable":true,"href":"https:\/\/www.locoxelrojo.com\/independiente\/wp-json\/wp\/v2\/comments?post=85489"}],"version-history":[{"count":0,"href":"https:\/\/www.locoxelrojo.com\/independiente\/wp-json\/wp\/v2\/posts\/85489\/revisions"}],"wp:featuredmedia":[{"embeddable":true,"href":"https:\/\/www.locoxelrojo.com\/independiente\/wp-json\/wp\/v2\/media\/85490"}],"wp:attachment":[{"href":"https:\/\/www.locoxelrojo.com\/independiente\/wp-json\/wp\/v2\/media?parent=85489"}],"wp:term":[{"taxonomy":"category","embeddable":true,"href":"https:\/\/www.locoxelrojo.com\/independiente\/wp-json\/wp\/v2\/categories?post=85489"},{"taxonomy":"post_tag","embeddable":true,"href":"https:\/\/www.locoxelrojo.com\/independiente\/wp-json\/wp\/v2\/tags?post=85489"}],"curies":[{"name":"wp","href":"https:\/\/api.w.org\/{rel}","templated":true}]}}