{"id":85528,"date":"2019-10-26T15:07:55","date_gmt":"2019-10-26T18:07:55","guid":{"rendered":"http:\/\/www.locoxelrojo.com\/independiente\/?p=85528"},"modified":"2019-10-26T15:59:20","modified_gmt":"2019-10-26T18:59:20","slug":"sebastian-beccacece-dejo-de-ser-el-dt-de-independiente","status":"publish","type":"post","link":"https:\/\/www.locoxelrojo.com\/independiente\/2019\/10\/26\/sebastian-beccacece-dejo-de-ser-el-dt-de-independiente\/","title":{"rendered":"Sebasti\u00e1n Beccacece dej\u00f3 de ser el DT de Independiente"},"content":{"rendered":"<p>Tras la derrota en Rosario, <strong>Sebasti\u00e1n Beccacece<\/strong> convoc\u00f3 a una conferencia de prensa este s\u00e1bado y confirm\u00f3 que no seguir\u00e1 como entrenador de Independiente.<\/p>\n<p><strong>&#8220;Despu\u00e9s de la reuni\u00f3n que hemos mantenido con los dirigentes, hemos decidido de com\u00fan acuerdo ponerle fin a esta conducci\u00f3n, producto de no haber alcanzado los objetivos planteados a trav\u00e9s de los resultados. Queremos agradecer la oportunidad que nos dieron para intentar desarrollar lo que no se pudo observar en resultados concretos&#8221;<\/strong>, fueron las primeras palabras del ahora ex t\u00e9cnico del Rojo.<\/p>\n<p><strong>&#8220;La decisi\u00f3n fue consensuada porque aplicamos el sentido com\u00fan. Queda la sensaci\u00f3n de no poder alcanzar a trav\u00e9s de los resultados la posibilidad de estar donde creemos que deber\u00edamos haber estado, de haber dejado todo y no haber conseguido lo que quer\u00edamos&#8221;<\/strong>, complet\u00f3 Beccacece.<\/p>\n<p>A la hora de hacer un balance de su gesti\u00f3n deportiva, analiz\u00f3: <strong>&#8220;El equipo, cuando pudo acercarse a lo que pretendo me parece que gust\u00f3, pero lo hizo de manera muy irregular y en eso tengo que hacerme cargo. Partidos como los de Col\u00f3n y Talleres nos posicionaron en un lugar de plenitud, pero no fueron duraderos en el tiempo, y ac\u00e1 se exige mantener esa regularidad&#8221;<\/strong>.<\/p>\n<p>Por otro lado, revel\u00f3 que el plantel le pidi\u00f3 que continuara en el cargo y elogi\u00f3 el grupo de trabajo que le toc\u00f3 armar y conducir. <strong>&#8220;Los chicos ped\u00edan por favor que sigamos. Estoy dolido porque uno quiere alcanzar lo que imagina, ilusiona y aspira, pero siento que hemos construido una forma de convivir. Lo m\u00e1s importante que queda es el valor humano que hemos gestionado con en este grupo. Transitamos este camino con mucha dignidad, entereza, humildad y compromiso, eso no se traslad\u00f3 a resultados pero s\u00ed al d\u00eda a d\u00eda&#8221;<\/strong>, se\u00f1al\u00f3.<\/p>\n<p>Beccacece se lament\u00f3 por no haberle dado alegr\u00edas a los hinchas, pero entendi\u00f3 la exigencia y la reprobaci\u00f3n de los \u00faltimos partidos. <strong>&#8220;Me duele no haber podido responder a la expectativa de la gente. Tambi\u00e9n soy consciente de que el entrenador es el principal responsable. Entiendo que el hincha todo el tiempo quiere el logro y nosotros tambi\u00e9n. Este grupo de trabajo lo dej\u00f3 todo y no pudo conseguir lo que la gente quer\u00eda, por eso queda la sensaci\u00f3n de vac\u00edo&#8221;<\/strong>, cerr\u00f3.<\/p>\n","protected":false},"excerpt":{"rendered":"<p>Tras la derrota en Rosario, Sebasti\u00e1n Beccacece convoc\u00f3 a una conferencia de prensa este s\u00e1bado y confirm\u00f3 que no seguir\u00e1 como entrenador de Independiente. &#8220;Despu\u00e9s de la reuni\u00f3n que hemos mantenido con los dirigentes, hemos decidido de com\u00fan acuerdo ponerle fin a esta conducci\u00f3n, producto de no haber alcanzado los objetivos planteados a trav\u00e9s de [&hellip;]<\/p>\n","protected":false},"author":8,"featured_media":85534,"comment_status":"open","ping_status":"closed","sticky":false,"template":"","format":"standard","meta":{"_links_to":"","_links_to_target":""},"categories":[3247,3],"tags":[3532],"_links":{"self":[{"href":"https:\/\/www.locoxelrojo.com\/independiente\/wp-json\/wp\/v2\/posts\/85528"}],"collection":[{"href":"https:\/\/www.locoxelrojo.com\/independiente\/wp-json\/wp\/v2\/posts"}],"about":[{"href":"https:\/\/www.locoxelrojo.com\/independiente\/wp-json\/wp\/v2\/types\/post"}],"author":[{"embeddable":true,"href":"https:\/\/www.locoxelrojo.com\/independiente\/wp-json\/wp\/v2\/users\/8"}],"replies":[{"embeddable":true,"href":"https:\/\/www.locoxelrojo.com\/independiente\/wp-json\/wp\/v2\/comments?post=85528"}],"version-history":[{"count":1,"href":"https:\/\/www.locoxelrojo.com\/independiente\/wp-json\/wp\/v2\/posts\/85528\/revisions"}],"predecessor-version":[{"id":85531,"href":"https:\/\/www.locoxelrojo.com\/independiente\/wp-json\/wp\/v2\/posts\/85528\/revisions\/85531"}],"wp:featuredmedia":[{"embeddable":true,"href":"https:\/\/www.locoxelrojo.com\/independiente\/wp-json\/wp\/v2\/media\/85534"}],"wp:attachment":[{"href":"https:\/\/www.locoxelrojo.com\/independiente\/wp-json\/wp\/v2\/media?parent=85528"}],"wp:term":[{"taxonomy":"category","embeddable":true,"href":"https:\/\/www.locoxelrojo.com\/independiente\/wp-json\/wp\/v2\/categories?post=85528"},{"taxonomy":"post_tag","embeddable":true,"href":"https:\/\/www.locoxelrojo.com\/independiente\/wp-json\/wp\/v2\/tags?post=85528"}],"curies":[{"name":"wp","href":"https:\/\/api.w.org\/{rel}","templated":true}]}}