{"id":85530,"date":"2019-10-26T15:20:16","date_gmt":"2019-10-26T18:20:16","guid":{"rendered":"http:\/\/www.locoxelrojo.com\/independiente\/?p=85530"},"modified":"2019-10-26T16:34:37","modified_gmt":"2019-10-26T19:34:37","slug":"fernando-beron-sera-el-tecnico-interino","status":"publish","type":"post","link":"https:\/\/www.locoxelrojo.com\/independiente\/2019\/10\/26\/fernando-beron-sera-el-tecnico-interino\/","title":{"rendered":"Fernando Ber\u00f3n ser\u00e1 el t\u00e9cnico interino"},"content":{"rendered":"<p><strong>Fernando Ber\u00f3n se har\u00e1 cargo del equipo de manera interina, tras la renuncia de Sebasti\u00e1n Beccacece como entrenador.<\/strong><\/p>\n<p>La eliminaci\u00f3n de la Copa Argentina dej\u00f3 a Independiente sin director t\u00e9cnico. Este s\u00e1bado, Beccacece anunci\u00f3 en conferencia de prensa su decisi\u00f3n de dar un paso al costado y la dirigencia confirm\u00f3 r\u00e1pidamente a su sucesor.<\/p>\n<p>En primera instancia, <strong>le ofrecieron el cargo a Marcelo G\u00f3mez<\/strong>, entrenador de la Reserva que va puntera en el campeonato. Sin embargo, <strong>por una cuesti\u00f3n \u00e9tica tras haber llegado al club junto a Beccacece, el Negro rechaz\u00f3 la propuesta<\/strong>. Fue as\u00ed como el buzo de DT qued\u00f3 en manos del actual Coordinador de las Divisiones Inferiores.<\/p>\n<p>Ser\u00e1 el <strong>tercer interinato de Ber\u00f3n<\/strong> en la Primera del Rojo. Ya se hab\u00eda hecho cargo del equipo tras las salidas de Jorge Almir\u00f3n en 2015 y de Mauricio Pellegrino en 2016.<strong> Dirigi\u00f3 4 partidos y logr\u00f3 3 victorias<\/strong> (Tigre, Quilmes y Arsenal) <strong>y 1 empate<\/strong> (Rosario Central).<\/p>\n<p>En este nuevo ciclo, estar\u00e1 acompa\u00f1ado por\u00a0<strong>Claudio Gonz\u00e1lez<\/strong> como ayudante de campo, a <strong>V\u00edctor Brunetto<\/strong> como preparador f\u00edsico y a <strong>C\u00e9sar Vel\u00e1zquez<\/strong> como entrenador de arqueros.<\/p>\n","protected":false},"excerpt":{"rendered":"<p>Fernando Ber\u00f3n se har\u00e1 cargo del equipo de manera interina, tras la renuncia de Sebasti\u00e1n Beccacece como entrenador. La eliminaci\u00f3n de la Copa Argentina dej\u00f3 a Independiente sin director t\u00e9cnico. Este s\u00e1bado, Beccacece anunci\u00f3 en conferencia de prensa su decisi\u00f3n de dar un paso al costado y la dirigencia confirm\u00f3 r\u00e1pidamente a su sucesor. En [&hellip;]<\/p>\n","protected":false},"author":8,"featured_media":85532,"comment_status":"open","ping_status":"closed","sticky":false,"template":"","format":"standard","meta":{"_links_to":"","_links_to_target":""},"categories":[3247,3],"tags":[153,2862],"_links":{"self":[{"href":"https:\/\/www.locoxelrojo.com\/independiente\/wp-json\/wp\/v2\/posts\/85530"}],"collection":[{"href":"https:\/\/www.locoxelrojo.com\/independiente\/wp-json\/wp\/v2\/posts"}],"about":[{"href":"https:\/\/www.locoxelrojo.com\/independiente\/wp-json\/wp\/v2\/types\/post"}],"author":[{"embeddable":true,"href":"https:\/\/www.locoxelrojo.com\/independiente\/wp-json\/wp\/v2\/users\/8"}],"replies":[{"embeddable":true,"href":"https:\/\/www.locoxelrojo.com\/independiente\/wp-json\/wp\/v2\/comments?post=85530"}],"version-history":[{"count":1,"href":"https:\/\/www.locoxelrojo.com\/independiente\/wp-json\/wp\/v2\/posts\/85530\/revisions"}],"predecessor-version":[{"id":85533,"href":"https:\/\/www.locoxelrojo.com\/independiente\/wp-json\/wp\/v2\/posts\/85530\/revisions\/85533"}],"wp:featuredmedia":[{"embeddable":true,"href":"https:\/\/www.locoxelrojo.com\/independiente\/wp-json\/wp\/v2\/media\/85532"}],"wp:attachment":[{"href":"https:\/\/www.locoxelrojo.com\/independiente\/wp-json\/wp\/v2\/media?parent=85530"}],"wp:term":[{"taxonomy":"category","embeddable":true,"href":"https:\/\/www.locoxelrojo.com\/independiente\/wp-json\/wp\/v2\/categories?post=85530"},{"taxonomy":"post_tag","embeddable":true,"href":"https:\/\/www.locoxelrojo.com\/independiente\/wp-json\/wp\/v2\/tags?post=85530"}],"curies":[{"name":"wp","href":"https:\/\/api.w.org\/{rel}","templated":true}]}}