{"id":85537,"date":"2019-10-26T16:56:18","date_gmt":"2019-10-26T19:56:18","guid":{"rendered":"http:\/\/www.locoxelrojo.com\/independiente\/?p=85537"},"modified":"2019-10-26T17:03:34","modified_gmt":"2019-10-26T20:03:34","slug":"los-partidos-de-beron-como-interino","status":"publish","type":"post","link":"https:\/\/www.locoxelrojo.com\/independiente\/2019\/10\/26\/los-partidos-de-beron-como-interino\/","title":{"rendered":"Los partidos de Ber\u00f3n como interino"},"content":{"rendered":"<p><a href=\"https:\/\/www.locoxelrojo.com\/independiente\/2019\/10\/26\/sebastian-beccacece-dejo-de-ser-el-dt-de-independiente\/\">Con la salida oficial de Sebasti\u00e1n Beccacece<\/a>, <strong>Fernando Ber\u00f3n ser\u00e1 quien ocupe el cargo de entrenador en Independiente<\/strong>. <a href=\"https:\/\/www.locoxelrojo.com\/independiente\/2019\/10\/26\/fernando-beron-sera-el-tecnico-interino\/\">El coordinador de las Divisiones Inferiores afrontar\u00e1 su tercer interinato luego de sus ciclos en 2015 y 2016<\/a>.<\/p>\n<p>Su debut en el Rojo ocurri\u00f3 tras la salida de Jorge Almir\u00f3n, quien hab\u00eda perdido 1-0 ante Racing. <strong>El 30 de mayo de 2015, por la fecha 14, sus dirigidos vencieron 1-0 a Tigre como local, con el gol de Lucas Albertengo<\/strong>.<\/p>\n<p><iframe loading=\"lazy\" src=\"https:\/\/www.youtube.com\/embed\/2CR-rACgwDc\" width=\"560\" height=\"315\" frameborder=\"0\" allowfullscreen=\"allowfullscreen\"><\/iframe><\/p>\n<p>A la semana siguiente, <strong>el Rojo cerr\u00f3 el primer semestre con un empate en uno contra Rosario Central de visitante<\/strong>. Emanuel Aguilera, de tiro libre, adelant\u00f3 al Rey de Copas y Franco Niell decret\u00f3 cifras definitivas. En el receso invernal asumi\u00f3 Mauricio Pellegrino.<\/p>\n<p><iframe loading=\"lazy\" src=\"https:\/\/www.youtube.com\/embed\/LbqPhLIVvIk\" width=\"560\" height=\"315\" frameborder=\"0\" allowfullscreen=\"allowfullscreen\"><\/iframe><\/p>\n<p>Justamente su segunda era comenz\u00f3 un a\u00f1o despu\u00e9s por la salida de Pellegrino, quien se despidi\u00f3 tras un 3-3 ante Gimnasia en La Plata. El 14 de mayo, por la fecha 15, <strong>el Rojo derrot\u00f3 2-0 a Arsenal en Avellaneda con los tantos de Leandro Fern\u00e1ndez y Rodrigo G\u00f3mez<\/strong>.<\/p>\n<p><iframe loading=\"lazy\" src=\"https:\/\/www.youtube.com\/embed\/FklBFXyBPHg\" width=\"560\" height=\"315\" frameborder=\"0\" allowfullscreen=\"allowfullscreen\"><\/iframe><\/p>\n<p>Y su \u00faltimo partido correspondi\u00f3 a la \u00faltima fecha de ese certamen. El 21 de mayo, <strong>Independiente super\u00f3 3-0 a Quilmes como visitante con los tantos de Emiliano Rigoni, Diego Vera y V\u00edctor Cuesta<\/strong>. La temporada 2016\/2017 se inici\u00f3 con Gabriel Milito en el banco.<\/p>\n<p><iframe loading=\"lazy\" src=\"https:\/\/www.youtube.com\/embed\/18m8kxHe4I8\" width=\"560\" height=\"315\" frameborder=\"0\" allowfullscreen=\"allowfullscreen\"><\/iframe><\/p>\n<p><strong>Tres partidos ganados y uno empatado<\/strong> es el saldo que arrojan las estad\u00edsticas de Ber\u00f3n en sus dos cortos ciclos como interino. <strong>Ma\u00f1ana dirigir\u00e1 su primera pr\u00e1ctica en Dom\u00ednico<\/strong> junto con Claudio Gonz\u00e1lez (ayudante de campo), V\u00edctor Brunetto (preparador f\u00edsico) y C\u00e9sar Vel\u00e1zquez (entrenador de arqueros). <strong>Y el mi\u00e9rcoles, ante Uni\u00f3n en Santa Fe, tendr\u00e1 su primer examen<\/strong>.<\/p>\n","protected":false},"excerpt":{"rendered":"<p>Con la salida oficial de Sebasti\u00e1n Beccacece, Fernando Ber\u00f3n ser\u00e1 quien ocupe el cargo de entrenador en Independiente. El coordinador de las Divisiones Inferiores afrontar\u00e1 su tercer interinato luego de sus ciclos en 2015 y 2016. Su debut en el Rojo ocurri\u00f3 tras la salida de Jorge Almir\u00f3n, quien hab\u00eda perdido 1-0 ante Racing. El [&hellip;]<\/p>\n","protected":false},"author":19,"featured_media":85538,"comment_status":"open","ping_status":"closed","sticky":false,"template":"","format":"standard","meta":{"_links_to":"","_links_to_target":""},"categories":[3261,3247,3],"tags":[1099,153,2862,3219,666,507,309],"_links":{"self":[{"href":"https:\/\/www.locoxelrojo.com\/independiente\/wp-json\/wp\/v2\/posts\/85537"}],"collection":[{"href":"https:\/\/www.locoxelrojo.com\/independiente\/wp-json\/wp\/v2\/posts"}],"about":[{"href":"https:\/\/www.locoxelrojo.com\/independiente\/wp-json\/wp\/v2\/types\/post"}],"author":[{"embeddable":true,"href":"https:\/\/www.locoxelrojo.com\/independiente\/wp-json\/wp\/v2\/users\/19"}],"replies":[{"embeddable":true,"href":"https:\/\/www.locoxelrojo.com\/independiente\/wp-json\/wp\/v2\/comments?post=85537"}],"version-history":[{"count":1,"href":"https:\/\/www.locoxelrojo.com\/independiente\/wp-json\/wp\/v2\/posts\/85537\/revisions"}],"predecessor-version":[{"id":85539,"href":"https:\/\/www.locoxelrojo.com\/independiente\/wp-json\/wp\/v2\/posts\/85537\/revisions\/85539"}],"wp:featuredmedia":[{"embeddable":true,"href":"https:\/\/www.locoxelrojo.com\/independiente\/wp-json\/wp\/v2\/media\/85538"}],"wp:attachment":[{"href":"https:\/\/www.locoxelrojo.com\/independiente\/wp-json\/wp\/v2\/media?parent=85537"}],"wp:term":[{"taxonomy":"category","embeddable":true,"href":"https:\/\/www.locoxelrojo.com\/independiente\/wp-json\/wp\/v2\/categories?post=85537"},{"taxonomy":"post_tag","embeddable":true,"href":"https:\/\/www.locoxelrojo.com\/independiente\/wp-json\/wp\/v2\/tags?post=85537"}],"curies":[{"name":"wp","href":"https:\/\/api.w.org\/{rel}","templated":true}]}}